{"id":7781,"date":"2020-12-06T19:22:16","date_gmt":"2020-12-06T18:22:16","guid":{"rendered":"http:\/\/www.caudete.org\/ayuntamiento\/?p=7781"},"modified":"2020-12-13T19:36:47","modified_gmt":"2020-12-13T18:36:47","slug":"tasas-e-impuestos-turisticos-para-viajar-al-extranjero","status":"publish","type":"post","link":"https:\/\/www.caudete.org\/ayuntamiento\/tasas-e-impuestos-turisticos-para-viajar-al-extranjero\/","title":{"rendered":"Tasas e impuestos tur\u00edsticos para viajar al extranjero"},"content":{"rendered":"<p style=\"text-align: justify;\">Se pretende que el turista pague una cuota de pernoctaci\u00f3n, que ser\u00e1 mayor cuanto m\u00e1s elevada sea la categor\u00eda del alojamiento seleccionado.<\/p>\n<p style=\"text-align: justify;\">Desde el 8 de septiembre viajar a Estados Unidos conlleva el abono de una tasa de 14 euros. Esta medida se une a otros impuestos tur\u00edsticos, como el de pernoctaci\u00f3n -en vigor en Francia- y otros pendientes de aprobaci\u00f3n en grandes capitales europeas. Estos \u00faltimos pretenden gravar de manera progresiva la estancia del turista, que abonar\u00e1 una cuota mayor cuanto m\u00e1s elevada sea la categor\u00eda del alojamiento seleccionado.<\/p>\n<p><b>Tasas de entrada y pernoctaci\u00f3n <\/b><br \/>\nAlgunos pa\u00edses y ciudades han recurrido, o piensan hacerlo, al cobro de tasas a los turistas. En ciertos lugares es ya una medida efectiva, como en Francia, Bhut\u00e1n o Estados Unidos. En otros, como en Roma, puede serlo en los pr\u00f3ximos meses.<br \/>\nUno de los sistemas m\u00e1s habituales por los que se han decantado las autoridades nacionales es el cobro por pernoctaci\u00f3n. En este caso, la cantidad que se debe abonar var\u00eda seg\u00fan el tipo de establecimiento escogido: los mayores desembolsos econ\u00f3micos afectar\u00e1n a los turistas que pasen la noche en hoteles de las categor\u00edas m\u00e1s altas, mientras que quienes se decanten por alojarse en un camping tendr\u00e1n un recargo m\u00ednimo. El abono se realizar\u00e1 en el momento de hacer la reserva o al contratar el paquete tur\u00edstico en la agencia de viajes.<br \/>\nEl abono se realizar\u00e1 en el momento de hacer la reserva o al contratar el paquete tur\u00edstico<\/p>\n<p><b>Tendencia en expansi\u00f3n <\/b><br \/>\nLos turistas que se desplacen hacia cualquier destino de Estados Unidos tienen que pagar 14 d\u00f3lares en concepto de tasa tur\u00edstica. Esta medida entr\u00f3 en vigor hace una semana y es obligatoria para los pa\u00edses exentos de visado para entrar en Norteam\u00e9rica, entre ellos Espa\u00f1a. Los viajeros espa\u00f1oles deber\u00e1n a\u00f1adir esta medida a la actual que obliga a registrarse con la debida antelaci\u00f3n en el sistema electr\u00f3nico de autorizaci\u00f3n de viaje.<br \/>\nPero este tipo de impuestos no es nuevo: en Nueva York, desde hace varios a\u00f1os, se aplica una &#8220;tasa de hotel&#8221; que grava la ocupaci\u00f3n de una habitaci\u00f3n en uno de estos establecimientos. En Francia, el pago de una cuota s\u00f3lo es aplicable a los municipios considerados como centros tur\u00edsticos. En Par\u00eds, hay que pagar 20 c\u00e9ntimos de euro por pasar una noche en un camping y 1,50 euros por alojarse en un hotel de 4 \u00f3 5 estrellas.<br \/>\nEn Nueva York se aplica ya una &#8220;tasa de hotel&#8221; que grava la ocupaci\u00f3n de una habitaci\u00f3n en uno de estos establecimientos<br \/>\nDe similares caracter\u00edsticas se prev\u00e9 que sea la tasa de estancia para los turistas que visiten Roma, que puede aprobarse por el ayuntamiento romano en breve. Consistir\u00e1 en el pago de 5 euros por alojarse en los hoteles de lujo de la &#8220;ciudad eterna&#8221; y 1 euro si se pernocta en cualquiera de los campings. En principio, la medida s\u00f3lo afectar\u00eda a la capital italiana. Por lo que respecta al sudeste asi\u00e1tico, en Bhut\u00e1n hay una tasa de pernoctaci\u00f3n que ronda 54 euros por noche. En Espa\u00f1a, Barcelona ha sido pionera y no descarta cobrar una tasa tur\u00edstica a quienes visiten la ciudad.<br \/>\nNo faltan tampoco los impuestos que gravan los pasajes a\u00e9reos. En este caso, Alemania ser\u00e1 el pa\u00eds que har\u00e1 efectiva la medida desde el 1 de enero de 2011. La tarifa es de 8 euros por pasaje nacional o europeo de vuelos dom\u00e9sticos, 25 euros para vuelos de media distancia y 45 euros para los desplazamientos de largo recorrido. No deber\u00e1n abonar la nueva tasa los ni\u00f1os menores de dos a\u00f1os que no tengan asiento adjudicado y viajen en brazos de sus padres.<\/p>\n<p><b>Reservas a trav\u00e9s de agencias <\/b><br \/>\nEstas tasas deber\u00e1n abonarse en el momento de hacer la reserva del viaje o al pagar la factura en el hotel. En los casos en que se contraten paquetes tur\u00edsticos, el operador las aplicar\u00e1 y reflejar\u00e1 en el presupuesto final.<br \/>\nLos viajes a Estados Unidos se vender\u00e1n a partir de ahora con un incremento de 14 d\u00f3lares, mientras que un paquete tur\u00edstico de siete d\u00edas en Par\u00eds en hotel de lujo ya cuenta con un suplemento de 9 euros, los correspondientes a seis noches.<\/p>\n<p><b>DESTINO DEL DINERO DE LAS TASAS<\/b><br \/>\nEl dinero recaudado por las tasas tur\u00edsticas se destinar\u00e1, sobre todo, a promocionar la ciudad o pa\u00eds tanto dentro de sus fronteras como en el extranjero.<br \/>\nTambi\u00e9n se pretende recaudar fondos para proteger el patrimonio art\u00edstico e hist\u00f3rico de estas ciudades o para sufragar los servicios tur\u00edsticos que el visitante disfrutar\u00e1. No faltan tampoco los desv\u00edos hacia proyectos de car\u00e1cter medioambiental, para proteger el entorno de estas poblaciones.<\/p>\n","protected":false},"excerpt":{"rendered":"<p>Se pretende que el turista pague una cuota de pernoctaci\u00f3n, que ser\u00e1 mayor cuanto m\u00e1s elevada sea la categor\u00eda del alojamiento seleccionado. Desde el 8 de septiembre viajar a Estados Unidos conlleva el abono de una tasa de 14 euros. Esta medida se une a otros impuestos tur\u00edsticos, como el de pernoctaci\u00f3n -en vigor en &hellip;<\/p>\n","protected":false},"author":1,"featured_media":7782,"comment_status":"closed","ping_status":"open","sticky":false,"template":"","format":"standard","meta":{"ngg_post_thumbnail":0,"footnotes":""},"categories":[110],"tags":[],"class_list":["post-7781","post","type-post","status-publish","format-standard","has-post-thumbnail","hentry","category-omic-noticias"],"yoast_head":"<!-- This site is optimized with the Yoast SEO plugin v27.5 - https:\/\/yoast.com\/product\/yoast-seo-wordpress\/ -->\n<title>Tasas e impuestos tur\u00edsticos para viajar al extranjero - MI Ayuntamiento de Caudete<\/title>\n<meta name=\"description\" content=\"P\u00e1gina Oficial del Ayuntamiento de Caudete (Albacete)\" \/>\n<meta name=\"robots\" content=\"index, follow, max-snippet:-1, max-image-preview:large, max-video-preview:-1\" \/>\n<link rel=\"canonical\" href=\"https:\/\/www.caudete.org\/ayuntamiento\/tasas-e-impuestos-turisticos-para-viajar-al-extranjero\/\" \/>\n<meta property=\"og:locale\" content=\"es_ES\" \/>\n<meta property=\"og:type\" content=\"article\" \/>\n<meta property=\"og:title\" content=\"Tasas e impuestos tur\u00edsticos para viajar al extranjero - MI Ayuntamiento de Caudete\" \/>\n<meta property=\"og:description\" content=\"P\u00e1gina Oficial del Ayuntamiento de Caudete (Albacete)\" \/>\n<meta property=\"og:url\" content=\"https:\/\/www.caudete.org\/ayuntamiento\/tasas-e-impuestos-turisticos-para-viajar-al-extranjero\/\" \/>\n<meta property=\"og:site_name\" content=\"MI Ayuntamiento de Caudete\" \/>\n<meta property=\"article:publisher\" content=\"https:\/\/www.facebook.com\/ayuntamientocaudete\/\" \/>\n<meta property=\"article:published_time\" content=\"2020-12-06T18:22:16+00:00\" \/>\n<meta property=\"article:modified_time\" content=\"2020-12-13T18:36:47+00:00\" \/>\n<meta property=\"og:image\" content=\"https:\/\/www.caudete.org\/ayuntamiento\/wp-content\/uploads\/2020\/12\/omic-tseimp.jpg\" \/>\n\t<meta property=\"og:image:width\" content=\"485\" \/>\n\t<meta property=\"og:image:height\" content=\"316\" \/>\n\t<meta property=\"og:image:type\" content=\"image\/jpeg\" \/>\n<meta name=\"author\" content=\"ayun\" \/>\n<meta name=\"twitter:card\" content=\"summary_large_image\" \/>\n<meta name=\"twitter:label1\" content=\"Escrito por\" \/>\n\t<meta name=\"twitter:data1\" content=\"ayun\" \/>\n\t<meta name=\"twitter:label2\" content=\"Tiempo de lectura\" \/>\n\t<meta name=\"twitter:data2\" content=\"4 minutos\" \/>\n<script type=\"application\/ld+json\" class=\"yoast-schema-graph\">{\"@context\":\"https:\\\/\\\/schema.org\",\"@graph\":[{\"@type\":\"Article\",\"@id\":\"https:\\\/\\\/www.caudete.org\\\/ayuntamiento\\\/tasas-e-impuestos-turisticos-para-viajar-al-extranjero\\\/#article\",\"isPartOf\":{\"@id\":\"https:\\\/\\\/www.caudete.org\\\/ayuntamiento\\\/tasas-e-impuestos-turisticos-para-viajar-al-extranjero\\\/\"},\"author\":{\"name\":\"ayun\",\"@id\":\"https:\\\/\\\/www.caudete.org\\\/ayuntamiento\\\/#\\\/schema\\\/person\\\/79f7e19fdd176fc2bc7a289013dc2056\"},\"headline\":\"Tasas e impuestos tur\u00edsticos para viajar al extranjero\",\"datePublished\":\"2020-12-06T18:22:16+00:00\",\"dateModified\":\"2020-12-13T18:36:47+00:00\",\"mainEntityOfPage\":{\"@id\":\"https:\\\/\\\/www.caudete.org\\\/ayuntamiento\\\/tasas-e-impuestos-turisticos-para-viajar-al-extranjero\\\/\"},\"wordCount\":835,\"image\":{\"@id\":\"https:\\\/\\\/www.caudete.org\\\/ayuntamiento\\\/tasas-e-impuestos-turisticos-para-viajar-al-extranjero\\\/#primaryimage\"},\"thumbnailUrl\":\"https:\\\/\\\/www.caudete.org\\\/ayuntamiento\\\/wp-content\\\/uploads\\\/2020\\\/12\\\/omic-tseimp.jpg\",\"articleSection\":[\"omic-noticias\"],\"inLanguage\":\"es\"},{\"@type\":\"WebPage\",\"@id\":\"https:\\\/\\\/www.caudete.org\\\/ayuntamiento\\\/tasas-e-impuestos-turisticos-para-viajar-al-extranjero\\\/\",\"url\":\"https:\\\/\\\/www.caudete.org\\\/ayuntamiento\\\/tasas-e-impuestos-turisticos-para-viajar-al-extranjero\\\/\",\"name\":\"Tasas e impuestos tur\u00edsticos para viajar al extranjero - MI Ayuntamiento de Caudete\",\"isPartOf\":{\"@id\":\"https:\\\/\\\/www.caudete.org\\\/ayuntamiento\\\/#website\"},\"primaryImageOfPage\":{\"@id\":\"https:\\\/\\\/www.caudete.org\\\/ayuntamiento\\\/tasas-e-impuestos-turisticos-para-viajar-al-extranjero\\\/#primaryimage\"},\"image\":{\"@id\":\"https:\\\/\\\/www.caudete.org\\\/ayuntamiento\\\/tasas-e-impuestos-turisticos-para-viajar-al-extranjero\\\/#primaryimage\"},\"thumbnailUrl\":\"https:\\\/\\\/www.caudete.org\\\/ayuntamiento\\\/wp-content\\\/uploads\\\/2020\\\/12\\\/omic-tseimp.jpg\",\"datePublished\":\"2020-12-06T18:22:16+00:00\",\"dateModified\":\"2020-12-13T18:36:47+00:00\",\"author\":{\"@id\":\"https:\\\/\\\/www.caudete.org\\\/ayuntamiento\\\/#\\\/schema\\\/person\\\/79f7e19fdd176fc2bc7a289013dc2056\"},\"description\":\"P\u00e1gina Oficial del Ayuntamiento de Caudete (Albacete)\",\"breadcrumb\":{\"@id\":\"https:\\\/\\\/www.caudete.org\\\/ayuntamiento\\\/tasas-e-impuestos-turisticos-para-viajar-al-extranjero\\\/#breadcrumb\"},\"inLanguage\":\"es\",\"potentialAction\":[{\"@type\":\"ReadAction\",\"target\":[\"https:\\\/\\\/www.caudete.org\\\/ayuntamiento\\\/tasas-e-impuestos-turisticos-para-viajar-al-extranjero\\\/\"]}]},{\"@type\":\"ImageObject\",\"inLanguage\":\"es\",\"@id\":\"https:\\\/\\\/www.caudete.org\\\/ayuntamiento\\\/tasas-e-impuestos-turisticos-para-viajar-al-extranjero\\\/#primaryimage\",\"url\":\"https:\\\/\\\/www.caudete.org\\\/ayuntamiento\\\/wp-content\\\/uploads\\\/2020\\\/12\\\/omic-tseimp.jpg\",\"contentUrl\":\"https:\\\/\\\/www.caudete.org\\\/ayuntamiento\\\/wp-content\\\/uploads\\\/2020\\\/12\\\/omic-tseimp.jpg\",\"width\":485,\"height\":316},{\"@type\":\"BreadcrumbList\",\"@id\":\"https:\\\/\\\/www.caudete.org\\\/ayuntamiento\\\/tasas-e-impuestos-turisticos-para-viajar-al-extranjero\\\/#breadcrumb\",\"itemListElement\":[{\"@type\":\"ListItem\",\"position\":1,\"name\":\"Inicio\",\"item\":\"https:\\\/\\\/www.caudete.org\\\/ayuntamiento\\\/\"},{\"@type\":\"ListItem\",\"position\":2,\"name\":\"Tasas e impuestos tur\u00edsticos para viajar al extranjero\"}]},{\"@type\":\"WebSite\",\"@id\":\"https:\\\/\\\/www.caudete.org\\\/ayuntamiento\\\/#website\",\"url\":\"https:\\\/\\\/www.caudete.org\\\/ayuntamiento\\\/\",\"name\":\"MI Ayuntamiento de Caudete\",\"description\":\"P\u00e1gina Oficial del MI Ayuntamiento de Caudete\",\"potentialAction\":[{\"@type\":\"SearchAction\",\"target\":{\"@type\":\"EntryPoint\",\"urlTemplate\":\"https:\\\/\\\/www.caudete.org\\\/ayuntamiento\\\/?s={search_term_string}\"},\"query-input\":{\"@type\":\"PropertyValueSpecification\",\"valueRequired\":true,\"valueName\":\"search_term_string\"}}],\"inLanguage\":\"es\"},{\"@type\":\"Person\",\"@id\":\"https:\\\/\\\/www.caudete.org\\\/ayuntamiento\\\/#\\\/schema\\\/person\\\/79f7e19fdd176fc2bc7a289013dc2056\",\"name\":\"ayun\",\"image\":{\"@type\":\"ImageObject\",\"inLanguage\":\"es\",\"@id\":\"https:\\\/\\\/secure.gravatar.com\\\/avatar\\\/4ce797ee07c943e7e592f8cd648e503e6cd571387558ed07135799c2bd2847df?s=96&d=mm&r=g\",\"url\":\"https:\\\/\\\/secure.gravatar.com\\\/avatar\\\/4ce797ee07c943e7e592f8cd648e503e6cd571387558ed07135799c2bd2847df?s=96&d=mm&r=g\",\"contentUrl\":\"https:\\\/\\\/secure.gravatar.com\\\/avatar\\\/4ce797ee07c943e7e592f8cd648e503e6cd571387558ed07135799c2bd2847df?s=96&d=mm&r=g\",\"caption\":\"ayun\"},\"sameAs\":[\"http:\\\/\\\/www.caudete.org\\\/ayuntamiento\"],\"url\":\"https:\\\/\\\/www.caudete.org\\\/ayuntamiento\\\/author\\\/ayun\\\/\"}]}<\/script>\n<!-- \/ Yoast SEO plugin. -->","yoast_head_json":{"title":"Tasas e impuestos tur\u00edsticos para viajar al extranjero - MI Ayuntamiento de Caudete","description":"P\u00e1gina Oficial del Ayuntamiento de Caudete (Albacete)","robots":{"index":"index","follow":"follow","max-snippet":"max-snippet:-1","max-image-preview":"max-image-preview:large","max-video-preview":"max-video-preview:-1"},"canonical":"https:\/\/www.caudete.org\/ayuntamiento\/tasas-e-impuestos-turisticos-para-viajar-al-extranjero\/","og_locale":"es_ES","og_type":"article","og_title":"Tasas e impuestos tur\u00edsticos para viajar al extranjero - MI Ayuntamiento de Caudete","og_description":"P\u00e1gina Oficial del Ayuntamiento de Caudete (Albacete)","og_url":"https:\/\/www.caudete.org\/ayuntamiento\/tasas-e-impuestos-turisticos-para-viajar-al-extranjero\/","og_site_name":"MI Ayuntamiento de Caudete","article_publisher":"https:\/\/www.facebook.com\/ayuntamientocaudete\/","article_published_time":"2020-12-06T18:22:16+00:00","article_modified_time":"2020-12-13T18:36:47+00:00","og_image":[{"width":485,"height":316,"url":"https:\/\/www.caudete.org\/ayuntamiento\/wp-content\/uploads\/2020\/12\/omic-tseimp.jpg","type":"image\/jpeg"}],"author":"ayun","twitter_card":"summary_large_image","twitter_misc":{"Escrito por":"ayun","Tiempo de lectura":"4 minutos"},"schema":{"@context":"https:\/\/schema.org","@graph":[{"@type":"Article","@id":"https:\/\/www.caudete.org\/ayuntamiento\/tasas-e-impuestos-turisticos-para-viajar-al-extranjero\/#article","isPartOf":{"@id":"https:\/\/www.caudete.org\/ayuntamiento\/tasas-e-impuestos-turisticos-para-viajar-al-extranjero\/"},"author":{"name":"ayun","@id":"https:\/\/www.caudete.org\/ayuntamiento\/#\/schema\/person\/79f7e19fdd176fc2bc7a289013dc2056"},"headline":"Tasas e impuestos tur\u00edsticos para viajar al extranjero","datePublished":"2020-12-06T18:22:16+00:00","dateModified":"2020-12-13T18:36:47+00:00","mainEntityOfPage":{"@id":"https:\/\/www.caudete.org\/ayuntamiento\/tasas-e-impuestos-turisticos-para-viajar-al-extranjero\/"},"wordCount":835,"image":{"@id":"https:\/\/www.caudete.org\/ayuntamiento\/tasas-e-impuestos-turisticos-para-viajar-al-extranjero\/#primaryimage"},"thumbnailUrl":"https:\/\/www.caudete.org\/ayuntamiento\/wp-content\/uploads\/2020\/12\/omic-tseimp.jpg","articleSection":["omic-noticias"],"inLanguage":"es"},{"@type":"WebPage","@id":"https:\/\/www.caudete.org\/ayuntamiento\/tasas-e-impuestos-turisticos-para-viajar-al-extranjero\/","url":"https:\/\/www.caudete.org\/ayuntamiento\/tasas-e-impuestos-turisticos-para-viajar-al-extranjero\/","name":"Tasas e impuestos tur\u00edsticos para viajar al extranjero - MI Ayuntamiento de Caudete","isPartOf":{"@id":"https:\/\/www.caudete.org\/ayuntamiento\/#website"},"primaryImageOfPage":{"@id":"https:\/\/www.caudete.org\/ayuntamiento\/tasas-e-impuestos-turisticos-para-viajar-al-extranjero\/#primaryimage"},"image":{"@id":"https:\/\/www.caudete.org\/ayuntamiento\/tasas-e-impuestos-turisticos-para-viajar-al-extranjero\/#primaryimage"},"thumbnailUrl":"https:\/\/www.caudete.org\/ayuntamiento\/wp-content\/uploads\/2020\/12\/omic-tseimp.jpg","datePublished":"2020-12-06T18:22:16+00:00","dateModified":"2020-12-13T18:36:47+00:00","author":{"@id":"https:\/\/www.caudete.org\/ayuntamiento\/#\/schema\/person\/79f7e19fdd176fc2bc7a289013dc2056"},"description":"P\u00e1gina Oficial del Ayuntamiento de Caudete (Albacete)","breadcrumb":{"@id":"https:\/\/www.caudete.org\/ayuntamiento\/tasas-e-impuestos-turisticos-para-viajar-al-extranjero\/#breadcrumb"},"inLanguage":"es","potentialAction":[{"@type":"ReadAction","target":["https:\/\/www.caudete.org\/ayuntamiento\/tasas-e-impuestos-turisticos-para-viajar-al-extranjero\/"]}]},{"@type":"ImageObject","inLanguage":"es","@id":"https:\/\/www.caudete.org\/ayuntamiento\/tasas-e-impuestos-turisticos-para-viajar-al-extranjero\/#primaryimage","url":"https:\/\/www.caudete.org\/ayuntamiento\/wp-content\/uploads\/2020\/12\/omic-tseimp.jpg","contentUrl":"https:\/\/www.caudete.org\/ayuntamiento\/wp-content\/uploads\/2020\/12\/omic-tseimp.jpg","width":485,"height":316},{"@type":"BreadcrumbList","@id":"https:\/\/www.caudete.org\/ayuntamiento\/tasas-e-impuestos-turisticos-para-viajar-al-extranjero\/#breadcrumb","itemListElement":[{"@type":"ListItem","position":1,"name":"Inicio","item":"https:\/\/www.caudete.org\/ayuntamiento\/"},{"@type":"ListItem","position":2,"name":"Tasas e impuestos tur\u00edsticos para viajar al extranjero"}]},{"@type":"WebSite","@id":"https:\/\/www.caudete.org\/ayuntamiento\/#website","url":"https:\/\/www.caudete.org\/ayuntamiento\/","name":"MI Ayuntamiento de Caudete","description":"P\u00e1gina Oficial del MI Ayuntamiento de Caudete","potentialAction":[{"@type":"SearchAction","target":{"@type":"EntryPoint","urlTemplate":"https:\/\/www.caudete.org\/ayuntamiento\/?s={search_term_string}"},"query-input":{"@type":"PropertyValueSpecification","valueRequired":true,"valueName":"search_term_string"}}],"inLanguage":"es"},{"@type":"Person","@id":"https:\/\/www.caudete.org\/ayuntamiento\/#\/schema\/person\/79f7e19fdd176fc2bc7a289013dc2056","name":"ayun","image":{"@type":"ImageObject","inLanguage":"es","@id":"https:\/\/secure.gravatar.com\/avatar\/4ce797ee07c943e7e592f8cd648e503e6cd571387558ed07135799c2bd2847df?s=96&d=mm&r=g","url":"https:\/\/secure.gravatar.com\/avatar\/4ce797ee07c943e7e592f8cd648e503e6cd571387558ed07135799c2bd2847df?s=96&d=mm&r=g","contentUrl":"https:\/\/secure.gravatar.com\/avatar\/4ce797ee07c943e7e592f8cd648e503e6cd571387558ed07135799c2bd2847df?s=96&d=mm&r=g","caption":"ayun"},"sameAs":["http:\/\/www.caudete.org\/ayuntamiento"],"url":"https:\/\/www.caudete.org\/ayuntamiento\/author\/ayun\/"}]}},"_links":{"self":[{"href":"https:\/\/www.caudete.org\/ayuntamiento\/wp-json\/wp\/v2\/posts\/7781","targetHints":{"allow":["GET"]}}],"collection":[{"href":"https:\/\/www.caudete.org\/ayuntamiento\/wp-json\/wp\/v2\/posts"}],"about":[{"href":"https:\/\/www.caudete.org\/ayuntamiento\/wp-json\/wp\/v2\/types\/post"}],"author":[{"embeddable":true,"href":"https:\/\/www.caudete.org\/ayuntamiento\/wp-json\/wp\/v2\/users\/1"}],"replies":[{"embeddable":true,"href":"https:\/\/www.caudete.org\/ayuntamiento\/wp-json\/wp\/v2\/comments?post=7781"}],"version-history":[{"count":3,"href":"https:\/\/www.caudete.org\/ayuntamiento\/wp-json\/wp\/v2\/posts\/7781\/revisions"}],"predecessor-version":[{"id":9215,"href":"https:\/\/www.caudete.org\/ayuntamiento\/wp-json\/wp\/v2\/posts\/7781\/revisions\/9215"}],"wp:featuredmedia":[{"embeddable":true,"href":"https:\/\/www.caudete.org\/ayuntamiento\/wp-json\/wp\/v2\/media\/7782"}],"wp:attachment":[{"href":"https:\/\/www.caudete.org\/ayuntamiento\/wp-json\/wp\/v2\/media?parent=7781"}],"wp:term":[{"taxonomy":"category","embeddable":true,"href":"https:\/\/www.caudete.org\/ayuntamiento\/wp-json\/wp\/v2\/categories?post=7781"},{"taxonomy":"post_tag","embeddable":true,"href":"https:\/\/www.caudete.org\/ayuntamiento\/wp-json\/wp\/v2\/tags?post=7781"}],"curies":[{"name":"wp","href":"https:\/\/api.w.org\/{rel}","templated":true}]}}