{"id":7790,"date":"2020-12-06T19:28:15","date_gmt":"2020-12-06T18:28:15","guid":{"rendered":"http:\/\/www.caudete.org\/ayuntamiento\/?p=7790"},"modified":"2020-12-13T19:39:34","modified_gmt":"2020-12-13T18:39:34","slug":"cadenas-para-la-nieve","status":"publish","type":"post","link":"https:\/\/www.caudete.org\/ayuntamiento\/cadenas-para-la-nieve\/","title":{"rendered":"Cadenas para la nieve"},"content":{"rendered":"<p style=\"text-align: justify;\">Las cadenas para la nieve son un sistema que se coloca en las ruedas, para que no patinen cuando hay nieve o hielo en la carretera. Pueden no ser cadenas propiamente dichas. Hay sistemas que van desde una pieza de pl\u00e1stico a un funda de tela. Su uso limita la velocidad a 50 km\/h.<\/p>\n<p style=\"text-align: justify;\"><b>Colocaci\u00f3n<\/b><br \/>\n<u>Seg\u00fan la motricidad del veh\u00edculo:<\/u><\/p>\n<ul style=\"text-align: justify;\">\n<li style=\"list-style-type: none;\">\n<ul>\n<li>Tracci\u00f3n delantera: Siempre y cuando el grosor de la nieve no supere 1,5 cm, en las ruedas delanteras (si excede el grosor, obligatorio en las 4 ruedas). La mayor\u00eda de coches actuales son de tracci\u00f3n delantera.<\/li>\n<\/ul>\n<\/li>\n<\/ul>\n<ul style=\"text-align: justify;\">\n<li style=\"list-style-type: none;\">\n<ul>\n<li>Propulsi\u00f3n trasera: Siempre y cuando el grosor de la nieve no supere 1 cm solo en las ruedas traseras (si excede el grosor, obligatorio en las 4 ruedas). Los coches antiguos, de altas prestaciones y veh\u00edculos de carga suelen ser de propulsi\u00f3n trasera.<\/li>\n<\/ul>\n<\/li>\n<\/ul>\n<ul style=\"text-align: justify;\">\n<li style=\"list-style-type: none;\">\n<ul>\n<li>Tracci\u00f3n a las cuatro ruedas: Por ley es obligatorio el uso de las cuatro cadenas en este tipo de veh\u00edculos, en caso de aver\u00eda de una de las cuatro se suelen colocar dos detr\u00e1s, pero es posible hacerlo delante para mejorar en direcci\u00f3n y frenada, aunque en ning\u00fan caso se circulara con tres.<\/li>\n<\/ul>\n<\/li>\n<\/ul>\n<p style=\"text-align: justify;\">&nbsp;<\/p>\n<ul style=\"text-align: justify;\">\n<li style=\"list-style-type: none;\">\n<ul>Sea cual sea el tipo de autom\u00f3vil, es conveniente equipar cadenas en las cuatro ruedas; excepto si el fabricante indica lo contrario, como es el caso de veh\u00edculos deportivos de propulsi\u00f3n trasera y gran cilindrada.<\/ul>\n<\/li>\n<\/ul>\n<p style=\"text-align: justify;\">&nbsp;<\/p>\n<ul style=\"text-align: justify;\">\n<li style=\"list-style-type: none;\">\n<ul>Tambi\u00e9n hay que tener en cuenta que las cadenas est\u00e1n dise\u00f1adas para un tama\u00f1o espec\u00edfico de rueda. Por lo que hay que mirar en las instrucciones de \u00e9stas con el fin de ver el tama\u00f1o de ruedas para las que est\u00e1n dise\u00f1adas.<\/ul>\n<\/li>\n<\/ul>\n<p style=\"text-align: justify;\"><b>Funcionamiento<\/b><\/p>\n<ul style=\"text-align: justify;\">\n<li style=\"list-style-type: none;\">\n<ul>Es muy sencillo comprender el funcionamiento de las cadenas.<\/ul>\n<\/li>\n<\/ul>\n<p style=\"text-align: justify;\">&nbsp;<\/p>\n<ul style=\"text-align: justify;\">\n<li style=\"list-style-type: none;\">\n<ul>En el caso de hielo, al pisarlo la cadena, se rompe. Se libera as\u00ed una porci\u00f3n de asfalto h\u00famedo, que aunque sigue siendo deslizante, ofrece mayor agarre al neum\u00e1tico.<\/ul>\n<\/li>\n<\/ul>\n<p style=\"text-align: justify;\">&nbsp;<\/p>\n<ul style=\"text-align: justify;\">\n<li style=\"list-style-type: none;\">\n<ul>En el caso de nieve, la cadena se interpone al neum\u00e1tico y al asfalto y act\u00faa como una escalera al colocar m\u00e1s fricci\u00f3n, debido al acero en contacto con el pavimento.<\/ul>\n<\/li>\n<\/ul>\n<p style=\"text-align: justify;\"><b>Posibles fallos y roturas<\/b><\/p>\n<ul style=\"text-align: justify;\">\n<li style=\"list-style-type: none;\">\n<ul>Conducci\u00f3n demasiado r\u00e1pida. Las cadenas no soportan circular a m\u00e1s de 50 km\/h.<\/ul>\n<\/li>\n<\/ul>\n<p style=\"text-align: justify;\">&nbsp;<\/p>\n<ul style=\"text-align: justify;\">\n<li style=\"list-style-type: none;\">\n<ul>Conducci\u00f3n sobre asfalto seco. Las cadenas se deterioran r\u00e1pidamente sobre superficies inadecuadas.<\/ul>\n<\/li>\n<\/ul>\n<p style=\"text-align: justify;\">&nbsp;<\/p>\n<ul style=\"text-align: justify;\">\n<li style=\"list-style-type: none;\">\n<ul>Ajuste poco firme. Se deben reajustar los tensores de las cadenas a unos pocos metros de haberlas colocado, moviendo el coche despacio. Se podr\u00edan enrollar en el eje de transmisi\u00f3n causando una costosa aver\u00eda.<\/ul>\n<\/li>\n<\/ul>\n<p style=\"text-align: justify;\">&nbsp;<\/p>\n<ul style=\"text-align: justify;\">\n<li style=\"list-style-type: none;\">\n<ul>Tensores necesarios o innecesarios. La mayor\u00eda de cadenas necesitan tensores, si no se usan se descolocan. Las que no los necesitan, si se ponen, pueden resultar gravemente da\u00f1adas.<\/ul>\n<\/li>\n<\/ul>\n<p style=\"text-align: justify;\">&nbsp;<\/p>\n<ul style=\"text-align: justify;\">\n<li style=\"list-style-type: none;\">\n<ul>Desgaste natural. Algunas fuentes citan que su duraci\u00f3n se reduce a unos 500 km.<\/ul>\n<\/li>\n<\/ul>\n<p style=\"text-align: justify;\"><b>Cuidados tras su uso<\/b><\/p>\n<ul style=\"text-align: justify;\">\n<li style=\"list-style-type: none;\">\n<ul>Con las cadenas cl\u00e1sicas, hay que procurar limpiarlas posteriormente a su uso lo antes posible, con agua caliente. Despu\u00e9s, empaquetarlas bien en su caja en un lugar seco y accesible en el maletero del veh\u00edculo.<\/ul>\n<\/li>\n<\/ul>\n<p style=\"text-align: justify;\">&nbsp;<\/p>\n<ul style=\"text-align: justify;\">\n<li style=\"list-style-type: none;\">\n<ul>Alternativas<\/ul>\n<\/li>\n<\/ul>\n<ul style=\"text-align: justify;\">Existe en el mercado alternativas a las tradicionales cadenas. Las m\u00e1s conocidas son las fundas de tela. Legalmente sustituyen a las cadenas, pero han de retirarse inmediatamente despu\u00e9s de desaparecer la nieve. Tambi\u00e9n existe un dispositivo en forma de ara\u00f1a, que se sujeta al tornillo de la llanta y que se abraza al neum\u00e1tico. Se colocan en pocos segundos y su eficacia es muy buena. Rondan los 400 \u20ac. Tambi\u00e9n hay algunas que sustituyen la cadena por un cable de acero; su funcionamiento es id\u00e9ntico. Finalmente existe tambi\u00e9n unos aerosoles antideslizantes por unos 5 \u20ac. Los mismos fabricantes advierten que son s\u00f3lo para salir de un apuro puntual.<\/ul>\n","protected":false},"excerpt":{"rendered":"<p>Las cadenas para la nieve son un sistema que se coloca en las ruedas, para que no patinen cuando hay nieve o hielo en la carretera. Pueden no ser cadenas propiamente dichas. Hay sistemas que van desde una pieza de pl\u00e1stico a un funda de tela. Su uso limita la velocidad a 50 km\/h. Colocaci\u00f3n &hellip;<\/p>\n","protected":false},"author":1,"featured_media":7791,"comment_status":"closed","ping_status":"open","sticky":false,"template":"","format":"standard","meta":{"ngg_post_thumbnail":0,"footnotes":""},"categories":[110],"tags":[],"class_list":["post-7790","post","type-post","status-publish","format-standard","has-post-thumbnail","hentry","category-omic-noticias"],"yoast_head":"<!-- This site is optimized with the Yoast SEO plugin v27.5 - https:\/\/yoast.com\/product\/yoast-seo-wordpress\/ -->\n<title>Cadenas para la nieve - MI Ayuntamiento de Caudete<\/title>\n<meta name=\"description\" content=\"P\u00e1gina Oficial del Ayuntamiento de Caudete (Albacete)\" \/>\n<meta name=\"robots\" content=\"index, follow, max-snippet:-1, max-image-preview:large, max-video-preview:-1\" \/>\n<link rel=\"canonical\" href=\"https:\/\/www.caudete.org\/ayuntamiento\/cadenas-para-la-nieve\/\" \/>\n<meta property=\"og:locale\" content=\"es_ES\" \/>\n<meta property=\"og:type\" content=\"article\" \/>\n<meta property=\"og:title\" content=\"Cadenas para la nieve - MI Ayuntamiento de Caudete\" \/>\n<meta property=\"og:description\" content=\"P\u00e1gina Oficial del Ayuntamiento de Caudete (Albacete)\" \/>\n<meta property=\"og:url\" content=\"https:\/\/www.caudete.org\/ayuntamiento\/cadenas-para-la-nieve\/\" \/>\n<meta property=\"og:site_name\" content=\"MI Ayuntamiento de Caudete\" \/>\n<meta property=\"article:publisher\" content=\"https:\/\/www.facebook.com\/ayuntamientocaudete\/\" \/>\n<meta property=\"article:published_time\" content=\"2020-12-06T18:28:15+00:00\" \/>\n<meta property=\"article:modified_time\" content=\"2020-12-13T18:39:34+00:00\" \/>\n<meta property=\"og:image\" content=\"https:\/\/www.caudete.org\/ayuntamiento\/wp-content\/uploads\/2020\/12\/omic-cdnprlanv.jpg\" \/>\n\t<meta property=\"og:image:width\" content=\"450\" \/>\n\t<meta property=\"og:image:height\" content=\"389\" \/>\n\t<meta property=\"og:image:type\" content=\"image\/jpeg\" \/>\n<meta name=\"author\" content=\"ayun\" \/>\n<meta name=\"twitter:card\" content=\"summary_large_image\" \/>\n<meta name=\"twitter:label1\" content=\"Escrito por\" \/>\n\t<meta name=\"twitter:data1\" content=\"ayun\" \/>\n\t<meta name=\"twitter:label2\" content=\"Tiempo de lectura\" \/>\n\t<meta name=\"twitter:data2\" content=\"3 minutos\" \/>\n<script type=\"application\/ld+json\" class=\"yoast-schema-graph\">{\"@context\":\"https:\\\/\\\/schema.org\",\"@graph\":[{\"@type\":\"Article\",\"@id\":\"https:\\\/\\\/www.caudete.org\\\/ayuntamiento\\\/cadenas-para-la-nieve\\\/#article\",\"isPartOf\":{\"@id\":\"https:\\\/\\\/www.caudete.org\\\/ayuntamiento\\\/cadenas-para-la-nieve\\\/\"},\"author\":{\"name\":\"ayun\",\"@id\":\"https:\\\/\\\/www.caudete.org\\\/ayuntamiento\\\/#\\\/schema\\\/person\\\/79f7e19fdd176fc2bc7a289013dc2056\"},\"headline\":\"Cadenas para la nieve\",\"datePublished\":\"2020-12-06T18:28:15+00:00\",\"dateModified\":\"2020-12-13T18:39:34+00:00\",\"mainEntityOfPage\":{\"@id\":\"https:\\\/\\\/www.caudete.org\\\/ayuntamiento\\\/cadenas-para-la-nieve\\\/\"},\"wordCount\":653,\"image\":{\"@id\":\"https:\\\/\\\/www.caudete.org\\\/ayuntamiento\\\/cadenas-para-la-nieve\\\/#primaryimage\"},\"thumbnailUrl\":\"https:\\\/\\\/www.caudete.org\\\/ayuntamiento\\\/wp-content\\\/uploads\\\/2020\\\/12\\\/omic-cdnprlanv.jpg\",\"articleSection\":[\"omic-noticias\"],\"inLanguage\":\"es\"},{\"@type\":\"WebPage\",\"@id\":\"https:\\\/\\\/www.caudete.org\\\/ayuntamiento\\\/cadenas-para-la-nieve\\\/\",\"url\":\"https:\\\/\\\/www.caudete.org\\\/ayuntamiento\\\/cadenas-para-la-nieve\\\/\",\"name\":\"Cadenas para la nieve - MI Ayuntamiento de Caudete\",\"isPartOf\":{\"@id\":\"https:\\\/\\\/www.caudete.org\\\/ayuntamiento\\\/#website\"},\"primaryImageOfPage\":{\"@id\":\"https:\\\/\\\/www.caudete.org\\\/ayuntamiento\\\/cadenas-para-la-nieve\\\/#primaryimage\"},\"image\":{\"@id\":\"https:\\\/\\\/www.caudete.org\\\/ayuntamiento\\\/cadenas-para-la-nieve\\\/#primaryimage\"},\"thumbnailUrl\":\"https:\\\/\\\/www.caudete.org\\\/ayuntamiento\\\/wp-content\\\/uploads\\\/2020\\\/12\\\/omic-cdnprlanv.jpg\",\"datePublished\":\"2020-12-06T18:28:15+00:00\",\"dateModified\":\"2020-12-13T18:39:34+00:00\",\"author\":{\"@id\":\"https:\\\/\\\/www.caudete.org\\\/ayuntamiento\\\/#\\\/schema\\\/person\\\/79f7e19fdd176fc2bc7a289013dc2056\"},\"description\":\"P\u00e1gina Oficial del Ayuntamiento de Caudete (Albacete)\",\"breadcrumb\":{\"@id\":\"https:\\\/\\\/www.caudete.org\\\/ayuntamiento\\\/cadenas-para-la-nieve\\\/#breadcrumb\"},\"inLanguage\":\"es\",\"potentialAction\":[{\"@type\":\"ReadAction\",\"target\":[\"https:\\\/\\\/www.caudete.org\\\/ayuntamiento\\\/cadenas-para-la-nieve\\\/\"]}]},{\"@type\":\"ImageObject\",\"inLanguage\":\"es\",\"@id\":\"https:\\\/\\\/www.caudete.org\\\/ayuntamiento\\\/cadenas-para-la-nieve\\\/#primaryimage\",\"url\":\"https:\\\/\\\/www.caudete.org\\\/ayuntamiento\\\/wp-content\\\/uploads\\\/2020\\\/12\\\/omic-cdnprlanv.jpg\",\"contentUrl\":\"https:\\\/\\\/www.caudete.org\\\/ayuntamiento\\\/wp-content\\\/uploads\\\/2020\\\/12\\\/omic-cdnprlanv.jpg\",\"width\":450,\"height\":389},{\"@type\":\"BreadcrumbList\",\"@id\":\"https:\\\/\\\/www.caudete.org\\\/ayuntamiento\\\/cadenas-para-la-nieve\\\/#breadcrumb\",\"itemListElement\":[{\"@type\":\"ListItem\",\"position\":1,\"name\":\"Inicio\",\"item\":\"https:\\\/\\\/www.caudete.org\\\/ayuntamiento\\\/\"},{\"@type\":\"ListItem\",\"position\":2,\"name\":\"Cadenas para la nieve\"}]},{\"@type\":\"WebSite\",\"@id\":\"https:\\\/\\\/www.caudete.org\\\/ayuntamiento\\\/#website\",\"url\":\"https:\\\/\\\/www.caudete.org\\\/ayuntamiento\\\/\",\"name\":\"MI Ayuntamiento de Caudete\",\"description\":\"P\u00e1gina Oficial del MI Ayuntamiento de Caudete\",\"potentialAction\":[{\"@type\":\"SearchAction\",\"target\":{\"@type\":\"EntryPoint\",\"urlTemplate\":\"https:\\\/\\\/www.caudete.org\\\/ayuntamiento\\\/?s={search_term_string}\"},\"query-input\":{\"@type\":\"PropertyValueSpecification\",\"valueRequired\":true,\"valueName\":\"search_term_string\"}}],\"inLanguage\":\"es\"},{\"@type\":\"Person\",\"@id\":\"https:\\\/\\\/www.caudete.org\\\/ayuntamiento\\\/#\\\/schema\\\/person\\\/79f7e19fdd176fc2bc7a289013dc2056\",\"name\":\"ayun\",\"image\":{\"@type\":\"ImageObject\",\"inLanguage\":\"es\",\"@id\":\"https:\\\/\\\/secure.gravatar.com\\\/avatar\\\/4ce797ee07c943e7e592f8cd648e503e6cd571387558ed07135799c2bd2847df?s=96&d=mm&r=g\",\"url\":\"https:\\\/\\\/secure.gravatar.com\\\/avatar\\\/4ce797ee07c943e7e592f8cd648e503e6cd571387558ed07135799c2bd2847df?s=96&d=mm&r=g\",\"contentUrl\":\"https:\\\/\\\/secure.gravatar.com\\\/avatar\\\/4ce797ee07c943e7e592f8cd648e503e6cd571387558ed07135799c2bd2847df?s=96&d=mm&r=g\",\"caption\":\"ayun\"},\"sameAs\":[\"http:\\\/\\\/www.caudete.org\\\/ayuntamiento\"],\"url\":\"https:\\\/\\\/www.caudete.org\\\/ayuntamiento\\\/author\\\/ayun\\\/\"}]}<\/script>\n<!-- \/ Yoast SEO plugin. -->","yoast_head_json":{"title":"Cadenas para la nieve - MI Ayuntamiento de Caudete","description":"P\u00e1gina Oficial del Ayuntamiento de Caudete (Albacete)","robots":{"index":"index","follow":"follow","max-snippet":"max-snippet:-1","max-image-preview":"max-image-preview:large","max-video-preview":"max-video-preview:-1"},"canonical":"https:\/\/www.caudete.org\/ayuntamiento\/cadenas-para-la-nieve\/","og_locale":"es_ES","og_type":"article","og_title":"Cadenas para la nieve - MI Ayuntamiento de Caudete","og_description":"P\u00e1gina Oficial del Ayuntamiento de Caudete (Albacete)","og_url":"https:\/\/www.caudete.org\/ayuntamiento\/cadenas-para-la-nieve\/","og_site_name":"MI Ayuntamiento de Caudete","article_publisher":"https:\/\/www.facebook.com\/ayuntamientocaudete\/","article_published_time":"2020-12-06T18:28:15+00:00","article_modified_time":"2020-12-13T18:39:34+00:00","og_image":[{"width":450,"height":389,"url":"https:\/\/www.caudete.org\/ayuntamiento\/wp-content\/uploads\/2020\/12\/omic-cdnprlanv.jpg","type":"image\/jpeg"}],"author":"ayun","twitter_card":"summary_large_image","twitter_misc":{"Escrito por":"ayun","Tiempo de lectura":"3 minutos"},"schema":{"@context":"https:\/\/schema.org","@graph":[{"@type":"Article","@id":"https:\/\/www.caudete.org\/ayuntamiento\/cadenas-para-la-nieve\/#article","isPartOf":{"@id":"https:\/\/www.caudete.org\/ayuntamiento\/cadenas-para-la-nieve\/"},"author":{"name":"ayun","@id":"https:\/\/www.caudete.org\/ayuntamiento\/#\/schema\/person\/79f7e19fdd176fc2bc7a289013dc2056"},"headline":"Cadenas para la nieve","datePublished":"2020-12-06T18:28:15+00:00","dateModified":"2020-12-13T18:39:34+00:00","mainEntityOfPage":{"@id":"https:\/\/www.caudete.org\/ayuntamiento\/cadenas-para-la-nieve\/"},"wordCount":653,"image":{"@id":"https:\/\/www.caudete.org\/ayuntamiento\/cadenas-para-la-nieve\/#primaryimage"},"thumbnailUrl":"https:\/\/www.caudete.org\/ayuntamiento\/wp-content\/uploads\/2020\/12\/omic-cdnprlanv.jpg","articleSection":["omic-noticias"],"inLanguage":"es"},{"@type":"WebPage","@id":"https:\/\/www.caudete.org\/ayuntamiento\/cadenas-para-la-nieve\/","url":"https:\/\/www.caudete.org\/ayuntamiento\/cadenas-para-la-nieve\/","name":"Cadenas para la nieve - MI Ayuntamiento de Caudete","isPartOf":{"@id":"https:\/\/www.caudete.org\/ayuntamiento\/#website"},"primaryImageOfPage":{"@id":"https:\/\/www.caudete.org\/ayuntamiento\/cadenas-para-la-nieve\/#primaryimage"},"image":{"@id":"https:\/\/www.caudete.org\/ayuntamiento\/cadenas-para-la-nieve\/#primaryimage"},"thumbnailUrl":"https:\/\/www.caudete.org\/ayuntamiento\/wp-content\/uploads\/2020\/12\/omic-cdnprlanv.jpg","datePublished":"2020-12-06T18:28:15+00:00","dateModified":"2020-12-13T18:39:34+00:00","author":{"@id":"https:\/\/www.caudete.org\/ayuntamiento\/#\/schema\/person\/79f7e19fdd176fc2bc7a289013dc2056"},"description":"P\u00e1gina Oficial del Ayuntamiento de Caudete (Albacete)","breadcrumb":{"@id":"https:\/\/www.caudete.org\/ayuntamiento\/cadenas-para-la-nieve\/#breadcrumb"},"inLanguage":"es","potentialAction":[{"@type":"ReadAction","target":["https:\/\/www.caudete.org\/ayuntamiento\/cadenas-para-la-nieve\/"]}]},{"@type":"ImageObject","inLanguage":"es","@id":"https:\/\/www.caudete.org\/ayuntamiento\/cadenas-para-la-nieve\/#primaryimage","url":"https:\/\/www.caudete.org\/ayuntamiento\/wp-content\/uploads\/2020\/12\/omic-cdnprlanv.jpg","contentUrl":"https:\/\/www.caudete.org\/ayuntamiento\/wp-content\/uploads\/2020\/12\/omic-cdnprlanv.jpg","width":450,"height":389},{"@type":"BreadcrumbList","@id":"https:\/\/www.caudete.org\/ayuntamiento\/cadenas-para-la-nieve\/#breadcrumb","itemListElement":[{"@type":"ListItem","position":1,"name":"Inicio","item":"https:\/\/www.caudete.org\/ayuntamiento\/"},{"@type":"ListItem","position":2,"name":"Cadenas para la nieve"}]},{"@type":"WebSite","@id":"https:\/\/www.caudete.org\/ayuntamiento\/#website","url":"https:\/\/www.caudete.org\/ayuntamiento\/","name":"MI Ayuntamiento de Caudete","description":"P\u00e1gina Oficial del MI Ayuntamiento de Caudete","potentialAction":[{"@type":"SearchAction","target":{"@type":"EntryPoint","urlTemplate":"https:\/\/www.caudete.org\/ayuntamiento\/?s={search_term_string}"},"query-input":{"@type":"PropertyValueSpecification","valueRequired":true,"valueName":"search_term_string"}}],"inLanguage":"es"},{"@type":"Person","@id":"https:\/\/www.caudete.org\/ayuntamiento\/#\/schema\/person\/79f7e19fdd176fc2bc7a289013dc2056","name":"ayun","image":{"@type":"ImageObject","inLanguage":"es","@id":"https:\/\/secure.gravatar.com\/avatar\/4ce797ee07c943e7e592f8cd648e503e6cd571387558ed07135799c2bd2847df?s=96&d=mm&r=g","url":"https:\/\/secure.gravatar.com\/avatar\/4ce797ee07c943e7e592f8cd648e503e6cd571387558ed07135799c2bd2847df?s=96&d=mm&r=g","contentUrl":"https:\/\/secure.gravatar.com\/avatar\/4ce797ee07c943e7e592f8cd648e503e6cd571387558ed07135799c2bd2847df?s=96&d=mm&r=g","caption":"ayun"},"sameAs":["http:\/\/www.caudete.org\/ayuntamiento"],"url":"https:\/\/www.caudete.org\/ayuntamiento\/author\/ayun\/"}]}},"_links":{"self":[{"href":"https:\/\/www.caudete.org\/ayuntamiento\/wp-json\/wp\/v2\/posts\/7790","targetHints":{"allow":["GET"]}}],"collection":[{"href":"https:\/\/www.caudete.org\/ayuntamiento\/wp-json\/wp\/v2\/posts"}],"about":[{"href":"https:\/\/www.caudete.org\/ayuntamiento\/wp-json\/wp\/v2\/types\/post"}],"author":[{"embeddable":true,"href":"https:\/\/www.caudete.org\/ayuntamiento\/wp-json\/wp\/v2\/users\/1"}],"replies":[{"embeddable":true,"href":"https:\/\/www.caudete.org\/ayuntamiento\/wp-json\/wp\/v2\/comments?post=7790"}],"version-history":[{"count":5,"href":"https:\/\/www.caudete.org\/ayuntamiento\/wp-json\/wp\/v2\/posts\/7790\/revisions"}],"predecessor-version":[{"id":9218,"href":"https:\/\/www.caudete.org\/ayuntamiento\/wp-json\/wp\/v2\/posts\/7790\/revisions\/9218"}],"wp:featuredmedia":[{"embeddable":true,"href":"https:\/\/www.caudete.org\/ayuntamiento\/wp-json\/wp\/v2\/media\/7791"}],"wp:attachment":[{"href":"https:\/\/www.caudete.org\/ayuntamiento\/wp-json\/wp\/v2\/media?parent=7790"}],"wp:term":[{"taxonomy":"category","embeddable":true,"href":"https:\/\/www.caudete.org\/ayuntamiento\/wp-json\/wp\/v2\/categories?post=7790"},{"taxonomy":"post_tag","embeddable":true,"href":"https:\/\/www.caudete.org\/ayuntamiento\/wp-json\/wp\/v2\/tags?post=7790"}],"curies":[{"name":"wp","href":"https:\/\/api.w.org\/{rel}","templated":true}]}}