{"id":7795,"date":"2020-12-06T19:41:06","date_gmt":"2020-12-06T18:41:06","guid":{"rendered":"http:\/\/www.caudete.org\/ayuntamiento\/?p=7795"},"modified":"2020-12-13T19:40:27","modified_gmt":"2020-12-13T18:40:27","slug":"huelga-de-controladores","status":"publish","type":"post","link":"https:\/\/www.caudete.org\/ayuntamiento\/huelga-de-controladores\/","title":{"rendered":"HUELGA DE CONTROLADORES"},"content":{"rendered":"<h5 style=\"text-align: justify;\">\u00bfA qu\u00e9 tienes derecho y c\u00f3mo reclamar ante las cancelaciones de vuelos?<\/h5>\n<p style=\"text-align: justify;\">Dec\u00e1logo de consejos a los pasajeros afectados.<\/p>\n<p>La Oficina de Informaci\u00f3n al Consumidor ofrece a los pasajeros afectados por las cancelaciones de vuelos como consecuencia de la huelga encubierta de controladores a\u00e9reos informaci\u00f3n sobre sus derechos y c\u00f3mo reclamar.<\/p>\n<p>1. La compa\u00f1\u00eda a\u00e9rea y tambi\u00e9n la agencia de viajes en caso de que contrataras el vuelo dentro de un paquete tur\u00edstico, deben ofrecerte, si es posible, un medio de transporte alternativo al vuelo cancelado. En caso contrario o si la fecha de \u00e9ste ya no te interesa, puedes exigir la devoluci\u00f3n del importe \u00edntegro del billete.<\/p>\n<p>2. Si no te reubica en otro medio de transporte pero es viable, puedes contratarlo por tu cuenta y exigirle que te devuelva el importe del billete. Si el transporte alternativo es m\u00e1s caro que el billete, tambi\u00e9n tienes derecho a reclamar a la aerol\u00ednea o a la agencia de viajes el sobrecoste que hayas sufrido.<\/p>\n<p>3. Si pierdes la conexi\u00f3n con otros medios de transporte, la compa\u00f1\u00eda a\u00e9rea o la agencia de viajes deben gestionar y asumir el coste de los nuevos billetes para garantizar que llegas a tu destino. En cualquier caso, contacta con la compa\u00f1\u00eda de autobuses, trenes o aerol\u00ednea para avisar de la p\u00e9rdida y solicitar la anulaci\u00f3n o sustituci\u00f3n del billete, por lo que no te pueden cobrar penalizaci\u00f3n alguna. Si no te ha sido posible contactar, por ejemplo porque no ha existido un plazo de tiempo suficiente para hacerlo, la aerol\u00ednea de tu vuelo cancelado o la agencia de viajes tendr\u00e1 que asumir el coste del transporte que pierdas.<\/p>\n<p>4. La comida y bebida que tuvieses que comprar durante la espera debe abon\u00e1rtela la compa\u00f1\u00eda a\u00e9rea o la agencia de viajes.<\/p>\n<p>5. Si est\u00e1s en una ciudad distinta a la de tu residencia, la aerol\u00ednea o la agencia de viajes tiene que asumir los gastos de hotel.<\/p>\n<p>6. La compa\u00f1\u00eda a\u00e9rea o la agencia de viajes tambi\u00e9n deben abonarte tus gastos en bienes de primera necesidad como jab\u00f3n, cepillo y pasta de dientes, ropa interior&#8230; si tu equipaje ya hab\u00eda embarcado.<\/p>\n<p>7. Debes presentar tu reclamaci\u00f3n a la compa\u00f1\u00eda a\u00e9rea o la agencia de viajes a trav\u00e9s de una hoja de reclamaciones (la aerol\u00ednea tiene que entreg\u00e1rtela en su ventanilla del aeropuerto, mediante una carta o correo electr\u00f3nico.<\/p>\n<p>8. A la reclamaci\u00f3n deber\u00e1s adjuntar, sobre la marcha o como documentaci\u00f3n adicional a posteriori, copias de las facturas o tiques de las compras y contrataciones que hayas debido realizar durante la espera, adem\u00e1s de los billetes de otras empresas de transportes si has perdido las conexiones.<\/p>\n<p>9. Si la compa\u00f1\u00eda a\u00e9rea o la agencia de viajes no te contesta o lo hace neg\u00e1ndote tus derechos, presenta una denuncia ante la Agencia Estatal de Seguridad A\u00e9rea (contra la aerol\u00ednea) y\/o las autoridades de Consumo de tu comunidad aut\u00f3noma.<\/p>\n<p>FACUA.org &#8211; Espa\u00f1a &#8211; 4 de diciembre de 2010<\/p>\n","protected":false},"excerpt":{"rendered":"<p>\u00bfA qu\u00e9 tienes derecho y c\u00f3mo reclamar ante las cancelaciones de vuelos? Dec\u00e1logo de consejos a los pasajeros afectados. La Oficina de Informaci\u00f3n al Consumidor ofrece a los pasajeros afectados por las cancelaciones de vuelos como consecuencia de la huelga encubierta de controladores a\u00e9reos informaci\u00f3n sobre sus derechos y c\u00f3mo reclamar. 1. La compa\u00f1\u00eda a\u00e9rea &hellip;<\/p>\n","protected":false},"author":1,"featured_media":7796,"comment_status":"closed","ping_status":"open","sticky":false,"template":"","format":"standard","meta":{"ngg_post_thumbnail":0,"footnotes":""},"categories":[110],"tags":[],"class_list":["post-7795","post","type-post","status-publish","format-standard","has-post-thumbnail","hentry","category-omic-noticias"],"yoast_head":"<!-- This site is optimized with the Yoast SEO plugin v27.5 - https:\/\/yoast.com\/product\/yoast-seo-wordpress\/ -->\n<title>HUELGA DE CONTROLADORES - MI Ayuntamiento de Caudete<\/title>\n<meta name=\"description\" content=\"P\u00e1gina Oficial del Ayuntamiento de Caudete (Albacete)\" \/>\n<meta name=\"robots\" content=\"index, follow, max-snippet:-1, max-image-preview:large, max-video-preview:-1\" \/>\n<link rel=\"canonical\" href=\"https:\/\/www.caudete.org\/ayuntamiento\/huelga-de-controladores\/\" \/>\n<meta property=\"og:locale\" content=\"es_ES\" \/>\n<meta property=\"og:type\" content=\"article\" \/>\n<meta property=\"og:title\" content=\"HUELGA DE CONTROLADORES - MI Ayuntamiento de Caudete\" \/>\n<meta property=\"og:description\" content=\"P\u00e1gina Oficial del Ayuntamiento de Caudete (Albacete)\" \/>\n<meta property=\"og:url\" content=\"https:\/\/www.caudete.org\/ayuntamiento\/huelga-de-controladores\/\" \/>\n<meta property=\"og:site_name\" content=\"MI Ayuntamiento de Caudete\" \/>\n<meta property=\"article:publisher\" content=\"https:\/\/www.facebook.com\/ayuntamientocaudete\/\" \/>\n<meta property=\"article:published_time\" content=\"2020-12-06T18:41:06+00:00\" \/>\n<meta property=\"article:modified_time\" content=\"2020-12-13T18:40:27+00:00\" \/>\n<meta property=\"og:image\" content=\"https:\/\/www.caudete.org\/ayuntamiento\/wp-content\/uploads\/2020\/12\/omic-hctraerl.jpg\" \/>\n\t<meta property=\"og:image:width\" content=\"625\" \/>\n\t<meta property=\"og:image:height\" content=\"300\" \/>\n\t<meta property=\"og:image:type\" content=\"image\/jpeg\" \/>\n<meta name=\"author\" content=\"ayun\" \/>\n<meta name=\"twitter:card\" content=\"summary_large_image\" \/>\n<meta name=\"twitter:label1\" content=\"Escrito por\" \/>\n\t<meta name=\"twitter:data1\" content=\"ayun\" \/>\n\t<meta name=\"twitter:label2\" content=\"Tiempo de lectura\" \/>\n\t<meta name=\"twitter:data2\" content=\"3 minutos\" \/>\n<script type=\"application\/ld+json\" class=\"yoast-schema-graph\">{\"@context\":\"https:\\\/\\\/schema.org\",\"@graph\":[{\"@type\":\"Article\",\"@id\":\"https:\\\/\\\/www.caudete.org\\\/ayuntamiento\\\/huelga-de-controladores\\\/#article\",\"isPartOf\":{\"@id\":\"https:\\\/\\\/www.caudete.org\\\/ayuntamiento\\\/huelga-de-controladores\\\/\"},\"author\":{\"name\":\"ayun\",\"@id\":\"https:\\\/\\\/www.caudete.org\\\/ayuntamiento\\\/#\\\/schema\\\/person\\\/79f7e19fdd176fc2bc7a289013dc2056\"},\"headline\":\"HUELGA DE CONTROLADORES\",\"datePublished\":\"2020-12-06T18:41:06+00:00\",\"dateModified\":\"2020-12-13T18:40:27+00:00\",\"mainEntityOfPage\":{\"@id\":\"https:\\\/\\\/www.caudete.org\\\/ayuntamiento\\\/huelga-de-controladores\\\/\"},\"wordCount\":535,\"image\":{\"@id\":\"https:\\\/\\\/www.caudete.org\\\/ayuntamiento\\\/huelga-de-controladores\\\/#primaryimage\"},\"thumbnailUrl\":\"https:\\\/\\\/www.caudete.org\\\/ayuntamiento\\\/wp-content\\\/uploads\\\/2020\\\/12\\\/omic-hctraerl.jpg\",\"articleSection\":[\"omic-noticias\"],\"inLanguage\":\"es\"},{\"@type\":\"WebPage\",\"@id\":\"https:\\\/\\\/www.caudete.org\\\/ayuntamiento\\\/huelga-de-controladores\\\/\",\"url\":\"https:\\\/\\\/www.caudete.org\\\/ayuntamiento\\\/huelga-de-controladores\\\/\",\"name\":\"HUELGA DE CONTROLADORES - MI Ayuntamiento de Caudete\",\"isPartOf\":{\"@id\":\"https:\\\/\\\/www.caudete.org\\\/ayuntamiento\\\/#website\"},\"primaryImageOfPage\":{\"@id\":\"https:\\\/\\\/www.caudete.org\\\/ayuntamiento\\\/huelga-de-controladores\\\/#primaryimage\"},\"image\":{\"@id\":\"https:\\\/\\\/www.caudete.org\\\/ayuntamiento\\\/huelga-de-controladores\\\/#primaryimage\"},\"thumbnailUrl\":\"https:\\\/\\\/www.caudete.org\\\/ayuntamiento\\\/wp-content\\\/uploads\\\/2020\\\/12\\\/omic-hctraerl.jpg\",\"datePublished\":\"2020-12-06T18:41:06+00:00\",\"dateModified\":\"2020-12-13T18:40:27+00:00\",\"author\":{\"@id\":\"https:\\\/\\\/www.caudete.org\\\/ayuntamiento\\\/#\\\/schema\\\/person\\\/79f7e19fdd176fc2bc7a289013dc2056\"},\"description\":\"P\u00e1gina Oficial del Ayuntamiento de Caudete (Albacete)\",\"breadcrumb\":{\"@id\":\"https:\\\/\\\/www.caudete.org\\\/ayuntamiento\\\/huelga-de-controladores\\\/#breadcrumb\"},\"inLanguage\":\"es\",\"potentialAction\":[{\"@type\":\"ReadAction\",\"target\":[\"https:\\\/\\\/www.caudete.org\\\/ayuntamiento\\\/huelga-de-controladores\\\/\"]}]},{\"@type\":\"ImageObject\",\"inLanguage\":\"es\",\"@id\":\"https:\\\/\\\/www.caudete.org\\\/ayuntamiento\\\/huelga-de-controladores\\\/#primaryimage\",\"url\":\"https:\\\/\\\/www.caudete.org\\\/ayuntamiento\\\/wp-content\\\/uploads\\\/2020\\\/12\\\/omic-hctraerl.jpg\",\"contentUrl\":\"https:\\\/\\\/www.caudete.org\\\/ayuntamiento\\\/wp-content\\\/uploads\\\/2020\\\/12\\\/omic-hctraerl.jpg\",\"width\":625,\"height\":300},{\"@type\":\"BreadcrumbList\",\"@id\":\"https:\\\/\\\/www.caudete.org\\\/ayuntamiento\\\/huelga-de-controladores\\\/#breadcrumb\",\"itemListElement\":[{\"@type\":\"ListItem\",\"position\":1,\"name\":\"Inicio\",\"item\":\"https:\\\/\\\/www.caudete.org\\\/ayuntamiento\\\/\"},{\"@type\":\"ListItem\",\"position\":2,\"name\":\"HUELGA DE CONTROLADORES\"}]},{\"@type\":\"WebSite\",\"@id\":\"https:\\\/\\\/www.caudete.org\\\/ayuntamiento\\\/#website\",\"url\":\"https:\\\/\\\/www.caudete.org\\\/ayuntamiento\\\/\",\"name\":\"MI Ayuntamiento de Caudete\",\"description\":\"P\u00e1gina Oficial del MI Ayuntamiento de Caudete\",\"potentialAction\":[{\"@type\":\"SearchAction\",\"target\":{\"@type\":\"EntryPoint\",\"urlTemplate\":\"https:\\\/\\\/www.caudete.org\\\/ayuntamiento\\\/?s={search_term_string}\"},\"query-input\":{\"@type\":\"PropertyValueSpecification\",\"valueRequired\":true,\"valueName\":\"search_term_string\"}}],\"inLanguage\":\"es\"},{\"@type\":\"Person\",\"@id\":\"https:\\\/\\\/www.caudete.org\\\/ayuntamiento\\\/#\\\/schema\\\/person\\\/79f7e19fdd176fc2bc7a289013dc2056\",\"name\":\"ayun\",\"image\":{\"@type\":\"ImageObject\",\"inLanguage\":\"es\",\"@id\":\"https:\\\/\\\/secure.gravatar.com\\\/avatar\\\/4ce797ee07c943e7e592f8cd648e503e6cd571387558ed07135799c2bd2847df?s=96&d=mm&r=g\",\"url\":\"https:\\\/\\\/secure.gravatar.com\\\/avatar\\\/4ce797ee07c943e7e592f8cd648e503e6cd571387558ed07135799c2bd2847df?s=96&d=mm&r=g\",\"contentUrl\":\"https:\\\/\\\/secure.gravatar.com\\\/avatar\\\/4ce797ee07c943e7e592f8cd648e503e6cd571387558ed07135799c2bd2847df?s=96&d=mm&r=g\",\"caption\":\"ayun\"},\"sameAs\":[\"http:\\\/\\\/www.caudete.org\\\/ayuntamiento\"],\"url\":\"https:\\\/\\\/www.caudete.org\\\/ayuntamiento\\\/author\\\/ayun\\\/\"}]}<\/script>\n<!-- \/ Yoast SEO plugin. -->","yoast_head_json":{"title":"HUELGA DE CONTROLADORES - MI Ayuntamiento de Caudete","description":"P\u00e1gina Oficial del Ayuntamiento de Caudete (Albacete)","robots":{"index":"index","follow":"follow","max-snippet":"max-snippet:-1","max-image-preview":"max-image-preview:large","max-video-preview":"max-video-preview:-1"},"canonical":"https:\/\/www.caudete.org\/ayuntamiento\/huelga-de-controladores\/","og_locale":"es_ES","og_type":"article","og_title":"HUELGA DE CONTROLADORES - MI Ayuntamiento de Caudete","og_description":"P\u00e1gina Oficial del Ayuntamiento de Caudete (Albacete)","og_url":"https:\/\/www.caudete.org\/ayuntamiento\/huelga-de-controladores\/","og_site_name":"MI Ayuntamiento de Caudete","article_publisher":"https:\/\/www.facebook.com\/ayuntamientocaudete\/","article_published_time":"2020-12-06T18:41:06+00:00","article_modified_time":"2020-12-13T18:40:27+00:00","og_image":[{"width":625,"height":300,"url":"https:\/\/www.caudete.org\/ayuntamiento\/wp-content\/uploads\/2020\/12\/omic-hctraerl.jpg","type":"image\/jpeg"}],"author":"ayun","twitter_card":"summary_large_image","twitter_misc":{"Escrito por":"ayun","Tiempo de lectura":"3 minutos"},"schema":{"@context":"https:\/\/schema.org","@graph":[{"@type":"Article","@id":"https:\/\/www.caudete.org\/ayuntamiento\/huelga-de-controladores\/#article","isPartOf":{"@id":"https:\/\/www.caudete.org\/ayuntamiento\/huelga-de-controladores\/"},"author":{"name":"ayun","@id":"https:\/\/www.caudete.org\/ayuntamiento\/#\/schema\/person\/79f7e19fdd176fc2bc7a289013dc2056"},"headline":"HUELGA DE CONTROLADORES","datePublished":"2020-12-06T18:41:06+00:00","dateModified":"2020-12-13T18:40:27+00:00","mainEntityOfPage":{"@id":"https:\/\/www.caudete.org\/ayuntamiento\/huelga-de-controladores\/"},"wordCount":535,"image":{"@id":"https:\/\/www.caudete.org\/ayuntamiento\/huelga-de-controladores\/#primaryimage"},"thumbnailUrl":"https:\/\/www.caudete.org\/ayuntamiento\/wp-content\/uploads\/2020\/12\/omic-hctraerl.jpg","articleSection":["omic-noticias"],"inLanguage":"es"},{"@type":"WebPage","@id":"https:\/\/www.caudete.org\/ayuntamiento\/huelga-de-controladores\/","url":"https:\/\/www.caudete.org\/ayuntamiento\/huelga-de-controladores\/","name":"HUELGA DE CONTROLADORES - MI Ayuntamiento de Caudete","isPartOf":{"@id":"https:\/\/www.caudete.org\/ayuntamiento\/#website"},"primaryImageOfPage":{"@id":"https:\/\/www.caudete.org\/ayuntamiento\/huelga-de-controladores\/#primaryimage"},"image":{"@id":"https:\/\/www.caudete.org\/ayuntamiento\/huelga-de-controladores\/#primaryimage"},"thumbnailUrl":"https:\/\/www.caudete.org\/ayuntamiento\/wp-content\/uploads\/2020\/12\/omic-hctraerl.jpg","datePublished":"2020-12-06T18:41:06+00:00","dateModified":"2020-12-13T18:40:27+00:00","author":{"@id":"https:\/\/www.caudete.org\/ayuntamiento\/#\/schema\/person\/79f7e19fdd176fc2bc7a289013dc2056"},"description":"P\u00e1gina Oficial del Ayuntamiento de Caudete (Albacete)","breadcrumb":{"@id":"https:\/\/www.caudete.org\/ayuntamiento\/huelga-de-controladores\/#breadcrumb"},"inLanguage":"es","potentialAction":[{"@type":"ReadAction","target":["https:\/\/www.caudete.org\/ayuntamiento\/huelga-de-controladores\/"]}]},{"@type":"ImageObject","inLanguage":"es","@id":"https:\/\/www.caudete.org\/ayuntamiento\/huelga-de-controladores\/#primaryimage","url":"https:\/\/www.caudete.org\/ayuntamiento\/wp-content\/uploads\/2020\/12\/omic-hctraerl.jpg","contentUrl":"https:\/\/www.caudete.org\/ayuntamiento\/wp-content\/uploads\/2020\/12\/omic-hctraerl.jpg","width":625,"height":300},{"@type":"BreadcrumbList","@id":"https:\/\/www.caudete.org\/ayuntamiento\/huelga-de-controladores\/#breadcrumb","itemListElement":[{"@type":"ListItem","position":1,"name":"Inicio","item":"https:\/\/www.caudete.org\/ayuntamiento\/"},{"@type":"ListItem","position":2,"name":"HUELGA DE CONTROLADORES"}]},{"@type":"WebSite","@id":"https:\/\/www.caudete.org\/ayuntamiento\/#website","url":"https:\/\/www.caudete.org\/ayuntamiento\/","name":"MI Ayuntamiento de Caudete","description":"P\u00e1gina Oficial del MI Ayuntamiento de Caudete","potentialAction":[{"@type":"SearchAction","target":{"@type":"EntryPoint","urlTemplate":"https:\/\/www.caudete.org\/ayuntamiento\/?s={search_term_string}"},"query-input":{"@type":"PropertyValueSpecification","valueRequired":true,"valueName":"search_term_string"}}],"inLanguage":"es"},{"@type":"Person","@id":"https:\/\/www.caudete.org\/ayuntamiento\/#\/schema\/person\/79f7e19fdd176fc2bc7a289013dc2056","name":"ayun","image":{"@type":"ImageObject","inLanguage":"es","@id":"https:\/\/secure.gravatar.com\/avatar\/4ce797ee07c943e7e592f8cd648e503e6cd571387558ed07135799c2bd2847df?s=96&d=mm&r=g","url":"https:\/\/secure.gravatar.com\/avatar\/4ce797ee07c943e7e592f8cd648e503e6cd571387558ed07135799c2bd2847df?s=96&d=mm&r=g","contentUrl":"https:\/\/secure.gravatar.com\/avatar\/4ce797ee07c943e7e592f8cd648e503e6cd571387558ed07135799c2bd2847df?s=96&d=mm&r=g","caption":"ayun"},"sameAs":["http:\/\/www.caudete.org\/ayuntamiento"],"url":"https:\/\/www.caudete.org\/ayuntamiento\/author\/ayun\/"}]}},"_links":{"self":[{"href":"https:\/\/www.caudete.org\/ayuntamiento\/wp-json\/wp\/v2\/posts\/7795","targetHints":{"allow":["GET"]}}],"collection":[{"href":"https:\/\/www.caudete.org\/ayuntamiento\/wp-json\/wp\/v2\/posts"}],"about":[{"href":"https:\/\/www.caudete.org\/ayuntamiento\/wp-json\/wp\/v2\/types\/post"}],"author":[{"embeddable":true,"href":"https:\/\/www.caudete.org\/ayuntamiento\/wp-json\/wp\/v2\/users\/1"}],"replies":[{"embeddable":true,"href":"https:\/\/www.caudete.org\/ayuntamiento\/wp-json\/wp\/v2\/comments?post=7795"}],"version-history":[{"count":3,"href":"https:\/\/www.caudete.org\/ayuntamiento\/wp-json\/wp\/v2\/posts\/7795\/revisions"}],"predecessor-version":[{"id":9219,"href":"https:\/\/www.caudete.org\/ayuntamiento\/wp-json\/wp\/v2\/posts\/7795\/revisions\/9219"}],"wp:featuredmedia":[{"embeddable":true,"href":"https:\/\/www.caudete.org\/ayuntamiento\/wp-json\/wp\/v2\/media\/7796"}],"wp:attachment":[{"href":"https:\/\/www.caudete.org\/ayuntamiento\/wp-json\/wp\/v2\/media?parent=7795"}],"wp:term":[{"taxonomy":"category","embeddable":true,"href":"https:\/\/www.caudete.org\/ayuntamiento\/wp-json\/wp\/v2\/categories?post=7795"},{"taxonomy":"post_tag","embeddable":true,"href":"https:\/\/www.caudete.org\/ayuntamiento\/wp-json\/wp\/v2\/tags?post=7795"}],"curies":[{"name":"wp","href":"https:\/\/api.w.org\/{rel}","templated":true}]}}