{"id":8047,"date":"2020-12-10T20:23:32","date_gmt":"2020-12-10T19:23:32","guid":{"rendered":"http:\/\/www.caudete.org\/ayuntamiento\/?p=8047"},"modified":"2021-01-04T07:11:57","modified_gmt":"2021-01-04T06:11:57","slug":"el-pos-2021-de-la-diputacion-permitira-revitalizar-el-mercado-de-abastos","status":"publish","type":"post","link":"https:\/\/www.caudete.org\/ayuntamiento\/el-pos-2021-de-la-diputacion-permitira-revitalizar-el-mercado-de-abastos\/","title":{"rendered":"El POS-2021 de la Diputaci\u00f3n permitir\u00e1 revitalizar el mercado de abastos"},"content":{"rendered":"<p style=\"text-align: justify;\">La Junta de Gobierno Local dictaminaba el pasado viernes por unanimidad destinar el Plan de Obras y Servicios de competencia municipal (POS) del pr\u00f3ximo 2021 a rehabilitar, recuperar y revitalizar el Mercado Municipal de Abastos.<\/p>\n<p style=\"text-align: justify;\">Tras dos a\u00f1os sin ejecutarse este Plan que permite a los consistorios provinciales abordar obtas de diferente \u00edndole, la instituci\u00f3n Provincial recupera el programa, que en la anualidad 2018 permiti\u00f3 actuar en Caudete sobre la reurbanizaci\u00f3n y semipeatonalizaci\u00f3n de la Plaza del Carmen, y en 2017 sobre la cubierta de la Escuela Municipal de M\u00fasica y Danza o en el 2015 sobre la adecuaci\u00f3n del actual Centro Social &#8220;Alcalde Vicente Lillo&#8221;.<\/p>\n<p style=\"text-align: justify;\">Si en ejercicios anteriores, el importe total de las obras era de 120.000\u20ac, subvencionados al 50%, este a\u00f1o los 9.963 habitantes como cifra oficial de 01\/01\/2019, que es la tomada de referencia, destina a Caudete un proyecto por importe total de 100.000\u20ac, de los cuales el Ayuntamiento tan solo aportar\u00e1 35.000\u20ac.<\/p>\n<p style=\"text-align: justify;\">El Concejal de Comercio, Diego Cuenca, ha explicado que el Proyecto que Caudete ha comunicado a la Diputaci\u00f3n Provincial es uno de los proyectados para acometer en la presente legislatura, siempre y cuando existiesen subvenciones o ayudas que permitieran acometer las obras de una forma m\u00e1s c\u00f3moda.<\/p>\n<p style=\"text-align: justify;\">As\u00ed pues, la intenci\u00f3n del Equipo de Gobierno se basa en que el POS-2021 permita actuar sobre el interior del Mercado, un edificio con m\u00e1s de 120 a\u00f1os de historia, recuperando en la medida de las posibilidades el aspecto original, acondicionando los puestos de venta y apostando por la revitalizaci\u00f3n del edificio, lo que permita dar un impulso al mismo, y al comercio de la zona, generando as\u00ed oportunidad de negocio para los emprendedores que as\u00ed lo deseen.<\/p>\n<p style=\"text-align: justify;\">A dicho respecto, el Concejal mantuvo hace una semana una reuni\u00f3n con los mercaderes del edificio, donde en primicia les adelant\u00f3 el destino del POS-2021, as\u00ed como las cuestiones b\u00e1sicas e importantes que supondr\u00e1 la obra.<br \/>\nAhora es turno de la Diputaci\u00f3n Provincial, la cual una vez pasadas las vacaciones navide\u00f1as, tiene previsto elevar al Pleno la aprobaci\u00f3n del Presupuesto 2021, donde se recoger\u00e1n dichas inversiones.<\/p>\n<p style=\"text-align: justify;\">Mientras tanto, los Servicios T\u00e9cnicos junto a la Concejal\u00eda de Obras y Urbanismo, en colaboraci\u00f3n con la de Comercio, se encuentran redactando la documentaci\u00f3n t\u00e9cnica necesaria para que una vez entrados en 2021, y con la aprobaci\u00f3n de Diputaci\u00f3n, pueda tramitarse el expediente de obra de Caudete.<\/p>\n","protected":false},"excerpt":{"rendered":"<p>La Junta de Gobierno Local dictaminaba el pasado viernes por unanimidad destinar el Plan de Obras y Servicios de competencia municipal (POS) del pr\u00f3ximo 2021 a rehabilitar, recuperar y revitalizar el Mercado Municipal de Abastos. Tras dos a\u00f1os sin ejecutarse este Plan que permite a los consistorios provinciales abordar obtas de diferente \u00edndole, la instituci\u00f3n &hellip;<\/p>\n","protected":false},"author":1,"featured_media":8048,"comment_status":"closed","ping_status":"open","sticky":false,"template":"","format":"standard","meta":{"ngg_post_thumbnail":0,"footnotes":""},"categories":[92],"tags":[],"class_list":["post-8047","post","type-post","status-publish","format-standard","has-post-thumbnail","hentry","category-obras-y-urbanismo"],"yoast_head":"<!-- This site is optimized with the Yoast SEO plugin v27.4 - https:\/\/yoast.com\/product\/yoast-seo-wordpress\/ -->\n<title>El POS-2021 de la Diputaci\u00f3n permitir\u00e1 revitalizar el mercado de abastos - MI Ayuntamiento de Caudete<\/title>\n<meta name=\"description\" content=\"P\u00e1gina Oficial del Ayuntamiento de Caudete (Albacete)\" \/>\n<meta name=\"robots\" content=\"index, follow, max-snippet:-1, max-image-preview:large, max-video-preview:-1\" \/>\n<link rel=\"canonical\" href=\"https:\/\/www.caudete.org\/ayuntamiento\/el-pos-2021-de-la-diputacion-permitira-revitalizar-el-mercado-de-abastos\/\" \/>\n<meta property=\"og:locale\" content=\"es_ES\" \/>\n<meta property=\"og:type\" content=\"article\" \/>\n<meta property=\"og:title\" content=\"El POS-2021 de la Diputaci\u00f3n permitir\u00e1 revitalizar el mercado de abastos - MI Ayuntamiento de Caudete\" \/>\n<meta property=\"og:description\" content=\"P\u00e1gina Oficial del Ayuntamiento de Caudete (Albacete)\" \/>\n<meta property=\"og:url\" content=\"https:\/\/www.caudete.org\/ayuntamiento\/el-pos-2021-de-la-diputacion-permitira-revitalizar-el-mercado-de-abastos\/\" \/>\n<meta property=\"og:site_name\" content=\"MI Ayuntamiento de Caudete\" \/>\n<meta property=\"article:publisher\" content=\"https:\/\/www.facebook.com\/ayuntamientocaudete\/\" \/>\n<meta property=\"article:published_time\" content=\"2020-12-10T19:23:32+00:00\" \/>\n<meta property=\"article:modified_time\" content=\"2021-01-04T06:11:57+00:00\" \/>\n<meta property=\"og:image\" content=\"https:\/\/www.caudete.org\/ayuntamiento\/wp-content\/uploads\/2020\/12\/foto-mercadocaudete.jpg\" \/>\n\t<meta property=\"og:image:width\" content=\"700\" \/>\n\t<meta property=\"og:image:height\" content=\"406\" \/>\n\t<meta property=\"og:image:type\" content=\"image\/jpeg\" \/>\n<meta name=\"author\" content=\"ayun\" \/>\n<meta name=\"twitter:card\" content=\"summary_large_image\" \/>\n<meta name=\"twitter:label1\" content=\"Escrito por\" \/>\n\t<meta name=\"twitter:data1\" content=\"ayun\" \/>\n\t<meta name=\"twitter:label2\" content=\"Tiempo de lectura\" \/>\n\t<meta name=\"twitter:data2\" content=\"2 minutos\" \/>\n<script type=\"application\/ld+json\" class=\"yoast-schema-graph\">{\"@context\":\"https:\\\/\\\/schema.org\",\"@graph\":[{\"@type\":\"Article\",\"@id\":\"https:\\\/\\\/www.caudete.org\\\/ayuntamiento\\\/el-pos-2021-de-la-diputacion-permitira-revitalizar-el-mercado-de-abastos\\\/#article\",\"isPartOf\":{\"@id\":\"https:\\\/\\\/www.caudete.org\\\/ayuntamiento\\\/el-pos-2021-de-la-diputacion-permitira-revitalizar-el-mercado-de-abastos\\\/\"},\"author\":{\"name\":\"ayun\",\"@id\":\"https:\\\/\\\/www.caudete.org\\\/ayuntamiento\\\/#\\\/schema\\\/person\\\/79f7e19fdd176fc2bc7a289013dc2056\"},\"headline\":\"El POS-2021 de la Diputaci\u00f3n permitir\u00e1 revitalizar el mercado de abastos\",\"datePublished\":\"2020-12-10T19:23:32+00:00\",\"dateModified\":\"2021-01-04T06:11:57+00:00\",\"mainEntityOfPage\":{\"@id\":\"https:\\\/\\\/www.caudete.org\\\/ayuntamiento\\\/el-pos-2021-de-la-diputacion-permitira-revitalizar-el-mercado-de-abastos\\\/\"},\"wordCount\":422,\"publisher\":{\"@id\":\"https:\\\/\\\/www.caudete.org\\\/ayuntamiento\\\/#organization\"},\"image\":{\"@id\":\"https:\\\/\\\/www.caudete.org\\\/ayuntamiento\\\/el-pos-2021-de-la-diputacion-permitira-revitalizar-el-mercado-de-abastos\\\/#primaryimage\"},\"thumbnailUrl\":\"https:\\\/\\\/www.caudete.org\\\/ayuntamiento\\\/wp-content\\\/uploads\\\/2020\\\/12\\\/foto-mercadocaudete.jpg\",\"articleSection\":[\"Obras y Urbanismo\"],\"inLanguage\":\"es\"},{\"@type\":\"WebPage\",\"@id\":\"https:\\\/\\\/www.caudete.org\\\/ayuntamiento\\\/el-pos-2021-de-la-diputacion-permitira-revitalizar-el-mercado-de-abastos\\\/\",\"url\":\"https:\\\/\\\/www.caudete.org\\\/ayuntamiento\\\/el-pos-2021-de-la-diputacion-permitira-revitalizar-el-mercado-de-abastos\\\/\",\"name\":\"El POS-2021 de la Diputaci\u00f3n permitir\u00e1 revitalizar el mercado de abastos - MI Ayuntamiento de Caudete\",\"isPartOf\":{\"@id\":\"https:\\\/\\\/www.caudete.org\\\/ayuntamiento\\\/#website\"},\"primaryImageOfPage\":{\"@id\":\"https:\\\/\\\/www.caudete.org\\\/ayuntamiento\\\/el-pos-2021-de-la-diputacion-permitira-revitalizar-el-mercado-de-abastos\\\/#primaryimage\"},\"image\":{\"@id\":\"https:\\\/\\\/www.caudete.org\\\/ayuntamiento\\\/el-pos-2021-de-la-diputacion-permitira-revitalizar-el-mercado-de-abastos\\\/#primaryimage\"},\"thumbnailUrl\":\"https:\\\/\\\/www.caudete.org\\\/ayuntamiento\\\/wp-content\\\/uploads\\\/2020\\\/12\\\/foto-mercadocaudete.jpg\",\"datePublished\":\"2020-12-10T19:23:32+00:00\",\"dateModified\":\"2021-01-04T06:11:57+00:00\",\"description\":\"P\u00e1gina Oficial del Ayuntamiento de Caudete (Albacete)\",\"breadcrumb\":{\"@id\":\"https:\\\/\\\/www.caudete.org\\\/ayuntamiento\\\/el-pos-2021-de-la-diputacion-permitira-revitalizar-el-mercado-de-abastos\\\/#breadcrumb\"},\"inLanguage\":\"es\",\"potentialAction\":[{\"@type\":\"ReadAction\",\"target\":[\"https:\\\/\\\/www.caudete.org\\\/ayuntamiento\\\/el-pos-2021-de-la-diputacion-permitira-revitalizar-el-mercado-de-abastos\\\/\"]}]},{\"@type\":\"ImageObject\",\"inLanguage\":\"es\",\"@id\":\"https:\\\/\\\/www.caudete.org\\\/ayuntamiento\\\/el-pos-2021-de-la-diputacion-permitira-revitalizar-el-mercado-de-abastos\\\/#primaryimage\",\"url\":\"https:\\\/\\\/www.caudete.org\\\/ayuntamiento\\\/wp-content\\\/uploads\\\/2020\\\/12\\\/foto-mercadocaudete.jpg\",\"contentUrl\":\"https:\\\/\\\/www.caudete.org\\\/ayuntamiento\\\/wp-content\\\/uploads\\\/2020\\\/12\\\/foto-mercadocaudete.jpg\",\"width\":700,\"height\":406},{\"@type\":\"BreadcrumbList\",\"@id\":\"https:\\\/\\\/www.caudete.org\\\/ayuntamiento\\\/el-pos-2021-de-la-diputacion-permitira-revitalizar-el-mercado-de-abastos\\\/#breadcrumb\",\"itemListElement\":[{\"@type\":\"ListItem\",\"position\":1,\"name\":\"Inicio\",\"item\":\"https:\\\/\\\/www.caudete.org\\\/ayuntamiento\\\/\"},{\"@type\":\"ListItem\",\"position\":2,\"name\":\"El POS-2021 de la Diputaci\u00f3n permitir\u00e1 revitalizar el mercado de abastos\"}]},{\"@type\":\"WebSite\",\"@id\":\"https:\\\/\\\/www.caudete.org\\\/ayuntamiento\\\/#website\",\"url\":\"https:\\\/\\\/www.caudete.org\\\/ayuntamiento\\\/\",\"name\":\"MI Ayuntamiento de Caudete\",\"description\":\"P\u00e1gina Oficial del MI Ayuntamiento de Caudete\",\"publisher\":{\"@id\":\"https:\\\/\\\/www.caudete.org\\\/ayuntamiento\\\/#organization\"},\"potentialAction\":[{\"@type\":\"SearchAction\",\"target\":{\"@type\":\"EntryPoint\",\"urlTemplate\":\"https:\\\/\\\/www.caudete.org\\\/ayuntamiento\\\/?s={search_term_string}\"},\"query-input\":{\"@type\":\"PropertyValueSpecification\",\"valueRequired\":true,\"valueName\":\"search_term_string\"}}],\"inLanguage\":\"es\"},{\"@type\":\"Organization\",\"@id\":\"https:\\\/\\\/www.caudete.org\\\/ayuntamiento\\\/#organization\",\"name\":\"Ayuntamiento de Caudete\",\"url\":\"https:\\\/\\\/www.caudete.org\\\/ayuntamiento\\\/\",\"logo\":{\"@type\":\"ImageObject\",\"inLanguage\":\"es\",\"@id\":\"https:\\\/\\\/www.caudete.org\\\/ayuntamiento\\\/#\\\/schema\\\/logo\\\/image\\\/\",\"url\":\"https:\\\/\\\/www.caudete.org\\\/ayuntamiento\\\/wp-content\\\/uploads\\\/2020\\\/11\\\/logo_ayuntamiento_caudete.jpg\",\"contentUrl\":\"https:\\\/\\\/www.caudete.org\\\/ayuntamiento\\\/wp-content\\\/uploads\\\/2020\\\/11\\\/logo_ayuntamiento_caudete.jpg\",\"width\":600,\"height\":150,\"caption\":\"Ayuntamiento de Caudete\"},\"image\":{\"@id\":\"https:\\\/\\\/www.caudete.org\\\/ayuntamiento\\\/#\\\/schema\\\/logo\\\/image\\\/\"},\"sameAs\":[\"https:\\\/\\\/www.facebook.com\\\/ayuntamientocaudete\\\/\",\"https:\\\/\\\/www.youtube.com\\\/channel\\\/UC6VztHaooNsGpw-tNoBEFnQ\"]},{\"@type\":\"Person\",\"@id\":\"https:\\\/\\\/www.caudete.org\\\/ayuntamiento\\\/#\\\/schema\\\/person\\\/79f7e19fdd176fc2bc7a289013dc2056\",\"name\":\"ayun\",\"image\":{\"@type\":\"ImageObject\",\"inLanguage\":\"es\",\"@id\":\"https:\\\/\\\/secure.gravatar.com\\\/avatar\\\/4ce797ee07c943e7e592f8cd648e503e6cd571387558ed07135799c2bd2847df?s=96&d=mm&r=g\",\"url\":\"https:\\\/\\\/secure.gravatar.com\\\/avatar\\\/4ce797ee07c943e7e592f8cd648e503e6cd571387558ed07135799c2bd2847df?s=96&d=mm&r=g\",\"contentUrl\":\"https:\\\/\\\/secure.gravatar.com\\\/avatar\\\/4ce797ee07c943e7e592f8cd648e503e6cd571387558ed07135799c2bd2847df?s=96&d=mm&r=g\",\"caption\":\"ayun\"},\"sameAs\":[\"http:\\\/\\\/www.caudete.org\\\/ayuntamiento\"],\"url\":\"https:\\\/\\\/www.caudete.org\\\/ayuntamiento\\\/author\\\/ayun\\\/\"}]}<\/script>\n<!-- \/ Yoast SEO plugin. -->","yoast_head_json":{"title":"El POS-2021 de la Diputaci\u00f3n permitir\u00e1 revitalizar el mercado de abastos - MI Ayuntamiento de Caudete","description":"P\u00e1gina Oficial del Ayuntamiento de Caudete (Albacete)","robots":{"index":"index","follow":"follow","max-snippet":"max-snippet:-1","max-image-preview":"max-image-preview:large","max-video-preview":"max-video-preview:-1"},"canonical":"https:\/\/www.caudete.org\/ayuntamiento\/el-pos-2021-de-la-diputacion-permitira-revitalizar-el-mercado-de-abastos\/","og_locale":"es_ES","og_type":"article","og_title":"El POS-2021 de la Diputaci\u00f3n permitir\u00e1 revitalizar el mercado de abastos - MI Ayuntamiento de Caudete","og_description":"P\u00e1gina Oficial del Ayuntamiento de Caudete (Albacete)","og_url":"https:\/\/www.caudete.org\/ayuntamiento\/el-pos-2021-de-la-diputacion-permitira-revitalizar-el-mercado-de-abastos\/","og_site_name":"MI Ayuntamiento de Caudete","article_publisher":"https:\/\/www.facebook.com\/ayuntamientocaudete\/","article_published_time":"2020-12-10T19:23:32+00:00","article_modified_time":"2021-01-04T06:11:57+00:00","og_image":[{"width":700,"height":406,"url":"https:\/\/www.caudete.org\/ayuntamiento\/wp-content\/uploads\/2020\/12\/foto-mercadocaudete.jpg","type":"image\/jpeg"}],"author":"ayun","twitter_card":"summary_large_image","twitter_misc":{"Escrito por":"ayun","Tiempo de lectura":"2 minutos"},"schema":{"@context":"https:\/\/schema.org","@graph":[{"@type":"Article","@id":"https:\/\/www.caudete.org\/ayuntamiento\/el-pos-2021-de-la-diputacion-permitira-revitalizar-el-mercado-de-abastos\/#article","isPartOf":{"@id":"https:\/\/www.caudete.org\/ayuntamiento\/el-pos-2021-de-la-diputacion-permitira-revitalizar-el-mercado-de-abastos\/"},"author":{"name":"ayun","@id":"https:\/\/www.caudete.org\/ayuntamiento\/#\/schema\/person\/79f7e19fdd176fc2bc7a289013dc2056"},"headline":"El POS-2021 de la Diputaci\u00f3n permitir\u00e1 revitalizar el mercado de abastos","datePublished":"2020-12-10T19:23:32+00:00","dateModified":"2021-01-04T06:11:57+00:00","mainEntityOfPage":{"@id":"https:\/\/www.caudete.org\/ayuntamiento\/el-pos-2021-de-la-diputacion-permitira-revitalizar-el-mercado-de-abastos\/"},"wordCount":422,"publisher":{"@id":"https:\/\/www.caudete.org\/ayuntamiento\/#organization"},"image":{"@id":"https:\/\/www.caudete.org\/ayuntamiento\/el-pos-2021-de-la-diputacion-permitira-revitalizar-el-mercado-de-abastos\/#primaryimage"},"thumbnailUrl":"https:\/\/www.caudete.org\/ayuntamiento\/wp-content\/uploads\/2020\/12\/foto-mercadocaudete.jpg","articleSection":["Obras y Urbanismo"],"inLanguage":"es"},{"@type":"WebPage","@id":"https:\/\/www.caudete.org\/ayuntamiento\/el-pos-2021-de-la-diputacion-permitira-revitalizar-el-mercado-de-abastos\/","url":"https:\/\/www.caudete.org\/ayuntamiento\/el-pos-2021-de-la-diputacion-permitira-revitalizar-el-mercado-de-abastos\/","name":"El POS-2021 de la Diputaci\u00f3n permitir\u00e1 revitalizar el mercado de abastos - MI Ayuntamiento de Caudete","isPartOf":{"@id":"https:\/\/www.caudete.org\/ayuntamiento\/#website"},"primaryImageOfPage":{"@id":"https:\/\/www.caudete.org\/ayuntamiento\/el-pos-2021-de-la-diputacion-permitira-revitalizar-el-mercado-de-abastos\/#primaryimage"},"image":{"@id":"https:\/\/www.caudete.org\/ayuntamiento\/el-pos-2021-de-la-diputacion-permitira-revitalizar-el-mercado-de-abastos\/#primaryimage"},"thumbnailUrl":"https:\/\/www.caudete.org\/ayuntamiento\/wp-content\/uploads\/2020\/12\/foto-mercadocaudete.jpg","datePublished":"2020-12-10T19:23:32+00:00","dateModified":"2021-01-04T06:11:57+00:00","description":"P\u00e1gina Oficial del Ayuntamiento de Caudete (Albacete)","breadcrumb":{"@id":"https:\/\/www.caudete.org\/ayuntamiento\/el-pos-2021-de-la-diputacion-permitira-revitalizar-el-mercado-de-abastos\/#breadcrumb"},"inLanguage":"es","potentialAction":[{"@type":"ReadAction","target":["https:\/\/www.caudete.org\/ayuntamiento\/el-pos-2021-de-la-diputacion-permitira-revitalizar-el-mercado-de-abastos\/"]}]},{"@type":"ImageObject","inLanguage":"es","@id":"https:\/\/www.caudete.org\/ayuntamiento\/el-pos-2021-de-la-diputacion-permitira-revitalizar-el-mercado-de-abastos\/#primaryimage","url":"https:\/\/www.caudete.org\/ayuntamiento\/wp-content\/uploads\/2020\/12\/foto-mercadocaudete.jpg","contentUrl":"https:\/\/www.caudete.org\/ayuntamiento\/wp-content\/uploads\/2020\/12\/foto-mercadocaudete.jpg","width":700,"height":406},{"@type":"BreadcrumbList","@id":"https:\/\/www.caudete.org\/ayuntamiento\/el-pos-2021-de-la-diputacion-permitira-revitalizar-el-mercado-de-abastos\/#breadcrumb","itemListElement":[{"@type":"ListItem","position":1,"name":"Inicio","item":"https:\/\/www.caudete.org\/ayuntamiento\/"},{"@type":"ListItem","position":2,"name":"El POS-2021 de la Diputaci\u00f3n permitir\u00e1 revitalizar el mercado de abastos"}]},{"@type":"WebSite","@id":"https:\/\/www.caudete.org\/ayuntamiento\/#website","url":"https:\/\/www.caudete.org\/ayuntamiento\/","name":"MI Ayuntamiento de Caudete","description":"P\u00e1gina Oficial del MI Ayuntamiento de Caudete","publisher":{"@id":"https:\/\/www.caudete.org\/ayuntamiento\/#organization"},"potentialAction":[{"@type":"SearchAction","target":{"@type":"EntryPoint","urlTemplate":"https:\/\/www.caudete.org\/ayuntamiento\/?s={search_term_string}"},"query-input":{"@type":"PropertyValueSpecification","valueRequired":true,"valueName":"search_term_string"}}],"inLanguage":"es"},{"@type":"Organization","@id":"https:\/\/www.caudete.org\/ayuntamiento\/#organization","name":"Ayuntamiento de Caudete","url":"https:\/\/www.caudete.org\/ayuntamiento\/","logo":{"@type":"ImageObject","inLanguage":"es","@id":"https:\/\/www.caudete.org\/ayuntamiento\/#\/schema\/logo\/image\/","url":"https:\/\/www.caudete.org\/ayuntamiento\/wp-content\/uploads\/2020\/11\/logo_ayuntamiento_caudete.jpg","contentUrl":"https:\/\/www.caudete.org\/ayuntamiento\/wp-content\/uploads\/2020\/11\/logo_ayuntamiento_caudete.jpg","width":600,"height":150,"caption":"Ayuntamiento de Caudete"},"image":{"@id":"https:\/\/www.caudete.org\/ayuntamiento\/#\/schema\/logo\/image\/"},"sameAs":["https:\/\/www.facebook.com\/ayuntamientocaudete\/","https:\/\/www.youtube.com\/channel\/UC6VztHaooNsGpw-tNoBEFnQ"]},{"@type":"Person","@id":"https:\/\/www.caudete.org\/ayuntamiento\/#\/schema\/person\/79f7e19fdd176fc2bc7a289013dc2056","name":"ayun","image":{"@type":"ImageObject","inLanguage":"es","@id":"https:\/\/secure.gravatar.com\/avatar\/4ce797ee07c943e7e592f8cd648e503e6cd571387558ed07135799c2bd2847df?s=96&d=mm&r=g","url":"https:\/\/secure.gravatar.com\/avatar\/4ce797ee07c943e7e592f8cd648e503e6cd571387558ed07135799c2bd2847df?s=96&d=mm&r=g","contentUrl":"https:\/\/secure.gravatar.com\/avatar\/4ce797ee07c943e7e592f8cd648e503e6cd571387558ed07135799c2bd2847df?s=96&d=mm&r=g","caption":"ayun"},"sameAs":["http:\/\/www.caudete.org\/ayuntamiento"],"url":"https:\/\/www.caudete.org\/ayuntamiento\/author\/ayun\/"}]}},"_links":{"self":[{"href":"https:\/\/www.caudete.org\/ayuntamiento\/wp-json\/wp\/v2\/posts\/8047","targetHints":{"allow":["GET"]}}],"collection":[{"href":"https:\/\/www.caudete.org\/ayuntamiento\/wp-json\/wp\/v2\/posts"}],"about":[{"href":"https:\/\/www.caudete.org\/ayuntamiento\/wp-json\/wp\/v2\/types\/post"}],"author":[{"embeddable":true,"href":"https:\/\/www.caudete.org\/ayuntamiento\/wp-json\/wp\/v2\/users\/1"}],"replies":[{"embeddable":true,"href":"https:\/\/www.caudete.org\/ayuntamiento\/wp-json\/wp\/v2\/comments?post=8047"}],"version-history":[{"count":3,"href":"https:\/\/www.caudete.org\/ayuntamiento\/wp-json\/wp\/v2\/posts\/8047\/revisions"}],"predecessor-version":[{"id":8977,"href":"https:\/\/www.caudete.org\/ayuntamiento\/wp-json\/wp\/v2\/posts\/8047\/revisions\/8977"}],"wp:featuredmedia":[{"embeddable":true,"href":"https:\/\/www.caudete.org\/ayuntamiento\/wp-json\/wp\/v2\/media\/8048"}],"wp:attachment":[{"href":"https:\/\/www.caudete.org\/ayuntamiento\/wp-json\/wp\/v2\/media?parent=8047"}],"wp:term":[{"taxonomy":"category","embeddable":true,"href":"https:\/\/www.caudete.org\/ayuntamiento\/wp-json\/wp\/v2\/categories?post=8047"},{"taxonomy":"post_tag","embeddable":true,"href":"https:\/\/www.caudete.org\/ayuntamiento\/wp-json\/wp\/v2\/tags?post=8047"}],"curies":[{"name":"wp","href":"https:\/\/api.w.org\/{rel}","templated":true}]}}