{"id":8073,"date":"2020-12-10T21:00:01","date_gmt":"2020-12-10T20:00:01","guid":{"rendered":"http:\/\/www.caudete.org\/ayuntamiento\/?p=8073"},"modified":"2020-12-13T11:30:40","modified_gmt":"2020-12-13T10:30:40","slug":"asi-fue-el-castillo-de-caudete","status":"publish","type":"post","link":"https:\/\/www.caudete.org\/ayuntamiento\/asi-fue-el-castillo-de-caudete\/","title":{"rendered":"As\u00ed fue el Castillo de Caudete"},"content":{"rendered":"<p style=\"text-align: justify;\">La Conferencia del pasado mi\u00e9rcoles, impartida por los Arque\u00f3logos Gabriel Segura y Daniel Azor\u00edn no defraud\u00f3 a ninguno de los asistentes, puesto que pudimos retroceder en el tiempo y conocer el aspecto de nuestra fortaleza, entre otros muchos aspectos.<\/p>\n<p style=\"text-align: justify;\">La excavaci\u00f3n arqueol\u00f3gica llevada a cabo hace unos meses, gracias a la colaboraci\u00f3n del Instituto de Estudios Albacetenses &#8220;Don Juan Manuel&#8221;, y ciudadanos Voluntarios bajo las directrices de Arquealia, ha permitido determinar, junto a la informaci\u00f3n obtenida en campa\u00f1as anteriores descubrir la cuarta Torre, de la que se ten\u00eda referencia por fuentes documentales.<\/p>\n<p style=\"text-align: justify;\">As\u00ed pues, ha quedado finalmente definida la estructura del Castillo, y gracias a las nuevas tecnolog\u00edas, podemos disfrutar de un levantamiento en 3D del aspecto que tuvo nuestro Castillo cuando hac\u00eda las funciones como tal.<br \/>\nPor tanto, lo que hoy vemos a pie de calle es el antemural alamborado y almenado que se construye en el S.XV para proteger a la fortaleza caudetana, forrando el peque\u00f1o cerro sobre el que se sit\u00faa el Castillo. \u00c9ste, ten\u00eda 4 Torres, una de ellas llamada la Torre Mayor, y junto a ella el acceso al Castillo. Las Torres estaban conectadas entre s\u00ed mediante una muralla, generando en el centro un peque\u00f1o patio interior, y definiendo el conjunto la fortaleza se\u00f1orial.<\/p>\n<p style=\"text-align: justify;\">La Villa, se encontraba ubicada a sus pies (no exist\u00eda pueblo a sus espaldas o costados), y ten\u00eda un excelente campo visual, ya que desde el se controla todo el valle pr\u00f3ximo a la localidad, y las principales fortalezas del entorno.<br \/>\nEn el S.XVI deja de estar habitado nuestro Castillo, y en no muy buenas condiciones, por lo que la Corona decide no invertir en su reparaci\u00f3n, ya que el papel defensivo del Castillo, y los peligros invasores han desaparecido con el reinado de Isabel y Fernando y la toma de Granada.<\/p>\n<p style=\"text-align: justify;\">Poco despu\u00e9s comienza un proceso de transformaci\u00f3n del Castillo, hasta llegar a nuestros d\u00edas, donde las necesidades del momento han dejado lo que hoy vemos.<\/p>\n<p style=\"text-align: justify;\">En 1740 acoge oficialmente el Cementerio Parroquial, hasta que en 1834 se traslada a Santa Ana. Este hecho excava en muros y suelo fosas y nichos, hoy visibles algunos de ellos. A finales del S.XIX principios del S.XX, la Iglesia Parroquial transforma el viejo Cementerio en un Jard\u00edn privado, aportando tierras procedentes de &#8220;El Real&#8221;, y construyendo ribazos, precises y zonas de paso entre el mismo, tapando as\u00ed todo resto anterior.<\/p>\n<p style=\"text-align: justify;\">Hoy d\u00eda, las campa\u00f1as arqueol\u00f3gicas han ido eliminando est\u00e1s &#8220;capas de historia&#8221; hasta llegar a visualizar los restos del Castillo, que se datan en el S.XIII, cuando se establece el poder feudal con la reconquista cristiana.<\/p>\nngg_shortcode_0_placeholder\n","protected":false},"excerpt":{"rendered":"<p>La Conferencia del pasado mi\u00e9rcoles, impartida por los Arque\u00f3logos Gabriel Segura y Daniel Azor\u00edn no defraud\u00f3 a ninguno de los asistentes, puesto que pudimos retroceder en el tiempo y conocer el aspecto de nuestra fortaleza, entre otros muchos aspectos. La excavaci\u00f3n arqueol\u00f3gica llevada a cabo hace unos meses, gracias a la colaboraci\u00f3n del Instituto de &hellip;<\/p>\n","protected":false},"author":1,"featured_media":8074,"comment_status":"closed","ping_status":"open","sticky":false,"template":"","format":"standard","meta":{"ngg_post_thumbnail":0,"footnotes":""},"categories":[45],"tags":[],"class_list":["post-8073","post","type-post","status-publish","format-standard","has-post-thumbnail","hentry","category-patrimonio"],"yoast_head":"<!-- This site is optimized with the Yoast SEO plugin v27.5 - https:\/\/yoast.com\/product\/yoast-seo-wordpress\/ -->\n<title>As\u00ed fue el Castillo de Caudete - MI Ayuntamiento de Caudete<\/title>\n<meta name=\"description\" content=\"P\u00e1gina Oficial del Ayuntamiento de Caudete (Albacete)\" \/>\n<meta name=\"robots\" content=\"index, follow, max-snippet:-1, max-image-preview:large, max-video-preview:-1\" \/>\n<link rel=\"canonical\" href=\"https:\/\/www.caudete.org\/ayuntamiento\/asi-fue-el-castillo-de-caudete\/\" \/>\n<meta property=\"og:locale\" content=\"es_ES\" \/>\n<meta property=\"og:type\" content=\"article\" \/>\n<meta property=\"og:title\" content=\"As\u00ed fue el Castillo de Caudete - MI Ayuntamiento de Caudete\" \/>\n<meta property=\"og:description\" content=\"P\u00e1gina Oficial del Ayuntamiento de Caudete (Albacete)\" \/>\n<meta property=\"og:url\" content=\"https:\/\/www.caudete.org\/ayuntamiento\/asi-fue-el-castillo-de-caudete\/\" \/>\n<meta property=\"og:site_name\" content=\"MI Ayuntamiento de Caudete\" \/>\n<meta property=\"article:publisher\" content=\"https:\/\/www.facebook.com\/ayuntamientocaudete\/\" \/>\n<meta property=\"article:published_time\" content=\"2020-12-10T20:00:01+00:00\" \/>\n<meta property=\"article:modified_time\" content=\"2020-12-13T10:30:40+00:00\" \/>\n<meta property=\"og:image\" content=\"https:\/\/www.caudete.org\/ayuntamiento\/wp-content\/uploads\/2020\/12\/cast-caud3.jpg\" \/>\n\t<meta property=\"og:image:width\" content=\"800\" \/>\n\t<meta property=\"og:image:height\" content=\"455\" \/>\n\t<meta property=\"og:image:type\" content=\"image\/jpeg\" \/>\n<meta name=\"author\" content=\"ayun\" \/>\n<meta name=\"twitter:card\" content=\"summary_large_image\" \/>\n<meta name=\"twitter:label1\" content=\"Escrito por\" \/>\n\t<meta name=\"twitter:data1\" content=\"ayun\" \/>\n\t<meta name=\"twitter:label2\" content=\"Tiempo de lectura\" \/>\n\t<meta name=\"twitter:data2\" content=\"2 minutos\" \/>\n<script type=\"application\/ld+json\" class=\"yoast-schema-graph\">{\"@context\":\"https:\\\/\\\/schema.org\",\"@graph\":[{\"@type\":\"Article\",\"@id\":\"https:\\\/\\\/www.caudete.org\\\/ayuntamiento\\\/asi-fue-el-castillo-de-caudete\\\/#article\",\"isPartOf\":{\"@id\":\"https:\\\/\\\/www.caudete.org\\\/ayuntamiento\\\/asi-fue-el-castillo-de-caudete\\\/\"},\"author\":{\"name\":\"ayun\",\"@id\":\"https:\\\/\\\/www.caudete.org\\\/ayuntamiento\\\/#\\\/schema\\\/person\\\/79f7e19fdd176fc2bc7a289013dc2056\"},\"headline\":\"As\u00ed fue el Castillo de Caudete\",\"datePublished\":\"2020-12-10T20:00:01+00:00\",\"dateModified\":\"2020-12-13T10:30:40+00:00\",\"mainEntityOfPage\":{\"@id\":\"https:\\\/\\\/www.caudete.org\\\/ayuntamiento\\\/asi-fue-el-castillo-de-caudete\\\/\"},\"wordCount\":478,\"image\":{\"@id\":\"https:\\\/\\\/www.caudete.org\\\/ayuntamiento\\\/asi-fue-el-castillo-de-caudete\\\/#primaryimage\"},\"thumbnailUrl\":\"https:\\\/\\\/www.caudete.org\\\/ayuntamiento\\\/wp-content\\\/uploads\\\/2020\\\/12\\\/cast-caud3.jpg\",\"articleSection\":[\"Patrimonio\"],\"inLanguage\":\"es\"},{\"@type\":\"WebPage\",\"@id\":\"https:\\\/\\\/www.caudete.org\\\/ayuntamiento\\\/asi-fue-el-castillo-de-caudete\\\/\",\"url\":\"https:\\\/\\\/www.caudete.org\\\/ayuntamiento\\\/asi-fue-el-castillo-de-caudete\\\/\",\"name\":\"As\u00ed fue el Castillo de Caudete - MI Ayuntamiento de Caudete\",\"isPartOf\":{\"@id\":\"https:\\\/\\\/www.caudete.org\\\/ayuntamiento\\\/#website\"},\"primaryImageOfPage\":{\"@id\":\"https:\\\/\\\/www.caudete.org\\\/ayuntamiento\\\/asi-fue-el-castillo-de-caudete\\\/#primaryimage\"},\"image\":{\"@id\":\"https:\\\/\\\/www.caudete.org\\\/ayuntamiento\\\/asi-fue-el-castillo-de-caudete\\\/#primaryimage\"},\"thumbnailUrl\":\"https:\\\/\\\/www.caudete.org\\\/ayuntamiento\\\/wp-content\\\/uploads\\\/2020\\\/12\\\/cast-caud3.jpg\",\"datePublished\":\"2020-12-10T20:00:01+00:00\",\"dateModified\":\"2020-12-13T10:30:40+00:00\",\"author\":{\"@id\":\"https:\\\/\\\/www.caudete.org\\\/ayuntamiento\\\/#\\\/schema\\\/person\\\/79f7e19fdd176fc2bc7a289013dc2056\"},\"description\":\"P\u00e1gina Oficial del Ayuntamiento de Caudete (Albacete)\",\"breadcrumb\":{\"@id\":\"https:\\\/\\\/www.caudete.org\\\/ayuntamiento\\\/asi-fue-el-castillo-de-caudete\\\/#breadcrumb\"},\"inLanguage\":\"es\",\"potentialAction\":[{\"@type\":\"ReadAction\",\"target\":[\"https:\\\/\\\/www.caudete.org\\\/ayuntamiento\\\/asi-fue-el-castillo-de-caudete\\\/\"]}]},{\"@type\":\"ImageObject\",\"inLanguage\":\"es\",\"@id\":\"https:\\\/\\\/www.caudete.org\\\/ayuntamiento\\\/asi-fue-el-castillo-de-caudete\\\/#primaryimage\",\"url\":\"https:\\\/\\\/www.caudete.org\\\/ayuntamiento\\\/wp-content\\\/uploads\\\/2020\\\/12\\\/cast-caud3.jpg\",\"contentUrl\":\"https:\\\/\\\/www.caudete.org\\\/ayuntamiento\\\/wp-content\\\/uploads\\\/2020\\\/12\\\/cast-caud3.jpg\",\"width\":800,\"height\":455},{\"@type\":\"BreadcrumbList\",\"@id\":\"https:\\\/\\\/www.caudete.org\\\/ayuntamiento\\\/asi-fue-el-castillo-de-caudete\\\/#breadcrumb\",\"itemListElement\":[{\"@type\":\"ListItem\",\"position\":1,\"name\":\"Inicio\",\"item\":\"https:\\\/\\\/www.caudete.org\\\/ayuntamiento\\\/\"},{\"@type\":\"ListItem\",\"position\":2,\"name\":\"As\u00ed fue el Castillo de Caudete\"}]},{\"@type\":\"WebSite\",\"@id\":\"https:\\\/\\\/www.caudete.org\\\/ayuntamiento\\\/#website\",\"url\":\"https:\\\/\\\/www.caudete.org\\\/ayuntamiento\\\/\",\"name\":\"MI Ayuntamiento de Caudete\",\"description\":\"P\u00e1gina Oficial del MI Ayuntamiento de Caudete\",\"potentialAction\":[{\"@type\":\"SearchAction\",\"target\":{\"@type\":\"EntryPoint\",\"urlTemplate\":\"https:\\\/\\\/www.caudete.org\\\/ayuntamiento\\\/?s={search_term_string}\"},\"query-input\":{\"@type\":\"PropertyValueSpecification\",\"valueRequired\":true,\"valueName\":\"search_term_string\"}}],\"inLanguage\":\"es\"},{\"@type\":\"Person\",\"@id\":\"https:\\\/\\\/www.caudete.org\\\/ayuntamiento\\\/#\\\/schema\\\/person\\\/79f7e19fdd176fc2bc7a289013dc2056\",\"name\":\"ayun\",\"image\":{\"@type\":\"ImageObject\",\"inLanguage\":\"es\",\"@id\":\"https:\\\/\\\/secure.gravatar.com\\\/avatar\\\/4ce797ee07c943e7e592f8cd648e503e6cd571387558ed07135799c2bd2847df?s=96&d=mm&r=g\",\"url\":\"https:\\\/\\\/secure.gravatar.com\\\/avatar\\\/4ce797ee07c943e7e592f8cd648e503e6cd571387558ed07135799c2bd2847df?s=96&d=mm&r=g\",\"contentUrl\":\"https:\\\/\\\/secure.gravatar.com\\\/avatar\\\/4ce797ee07c943e7e592f8cd648e503e6cd571387558ed07135799c2bd2847df?s=96&d=mm&r=g\",\"caption\":\"ayun\"},\"sameAs\":[\"http:\\\/\\\/www.caudete.org\\\/ayuntamiento\"],\"url\":\"https:\\\/\\\/www.caudete.org\\\/ayuntamiento\\\/author\\\/ayun\\\/\"}]}<\/script>\n<!-- \/ Yoast SEO plugin. -->","yoast_head_json":{"title":"As\u00ed fue el Castillo de Caudete - MI Ayuntamiento de Caudete","description":"P\u00e1gina Oficial del Ayuntamiento de Caudete (Albacete)","robots":{"index":"index","follow":"follow","max-snippet":"max-snippet:-1","max-image-preview":"max-image-preview:large","max-video-preview":"max-video-preview:-1"},"canonical":"https:\/\/www.caudete.org\/ayuntamiento\/asi-fue-el-castillo-de-caudete\/","og_locale":"es_ES","og_type":"article","og_title":"As\u00ed fue el Castillo de Caudete - MI Ayuntamiento de Caudete","og_description":"P\u00e1gina Oficial del Ayuntamiento de Caudete (Albacete)","og_url":"https:\/\/www.caudete.org\/ayuntamiento\/asi-fue-el-castillo-de-caudete\/","og_site_name":"MI Ayuntamiento de Caudete","article_publisher":"https:\/\/www.facebook.com\/ayuntamientocaudete\/","article_published_time":"2020-12-10T20:00:01+00:00","article_modified_time":"2020-12-13T10:30:40+00:00","og_image":[{"width":800,"height":455,"url":"https:\/\/www.caudete.org\/ayuntamiento\/wp-content\/uploads\/2020\/12\/cast-caud3.jpg","type":"image\/jpeg"}],"author":"ayun","twitter_card":"summary_large_image","twitter_misc":{"Escrito por":"ayun","Tiempo de lectura":"2 minutos"},"schema":{"@context":"https:\/\/schema.org","@graph":[{"@type":"Article","@id":"https:\/\/www.caudete.org\/ayuntamiento\/asi-fue-el-castillo-de-caudete\/#article","isPartOf":{"@id":"https:\/\/www.caudete.org\/ayuntamiento\/asi-fue-el-castillo-de-caudete\/"},"author":{"name":"ayun","@id":"https:\/\/www.caudete.org\/ayuntamiento\/#\/schema\/person\/79f7e19fdd176fc2bc7a289013dc2056"},"headline":"As\u00ed fue el Castillo de Caudete","datePublished":"2020-12-10T20:00:01+00:00","dateModified":"2020-12-13T10:30:40+00:00","mainEntityOfPage":{"@id":"https:\/\/www.caudete.org\/ayuntamiento\/asi-fue-el-castillo-de-caudete\/"},"wordCount":478,"image":{"@id":"https:\/\/www.caudete.org\/ayuntamiento\/asi-fue-el-castillo-de-caudete\/#primaryimage"},"thumbnailUrl":"https:\/\/www.caudete.org\/ayuntamiento\/wp-content\/uploads\/2020\/12\/cast-caud3.jpg","articleSection":["Patrimonio"],"inLanguage":"es"},{"@type":"WebPage","@id":"https:\/\/www.caudete.org\/ayuntamiento\/asi-fue-el-castillo-de-caudete\/","url":"https:\/\/www.caudete.org\/ayuntamiento\/asi-fue-el-castillo-de-caudete\/","name":"As\u00ed fue el Castillo de Caudete - MI Ayuntamiento de Caudete","isPartOf":{"@id":"https:\/\/www.caudete.org\/ayuntamiento\/#website"},"primaryImageOfPage":{"@id":"https:\/\/www.caudete.org\/ayuntamiento\/asi-fue-el-castillo-de-caudete\/#primaryimage"},"image":{"@id":"https:\/\/www.caudete.org\/ayuntamiento\/asi-fue-el-castillo-de-caudete\/#primaryimage"},"thumbnailUrl":"https:\/\/www.caudete.org\/ayuntamiento\/wp-content\/uploads\/2020\/12\/cast-caud3.jpg","datePublished":"2020-12-10T20:00:01+00:00","dateModified":"2020-12-13T10:30:40+00:00","author":{"@id":"https:\/\/www.caudete.org\/ayuntamiento\/#\/schema\/person\/79f7e19fdd176fc2bc7a289013dc2056"},"description":"P\u00e1gina Oficial del Ayuntamiento de Caudete (Albacete)","breadcrumb":{"@id":"https:\/\/www.caudete.org\/ayuntamiento\/asi-fue-el-castillo-de-caudete\/#breadcrumb"},"inLanguage":"es","potentialAction":[{"@type":"ReadAction","target":["https:\/\/www.caudete.org\/ayuntamiento\/asi-fue-el-castillo-de-caudete\/"]}]},{"@type":"ImageObject","inLanguage":"es","@id":"https:\/\/www.caudete.org\/ayuntamiento\/asi-fue-el-castillo-de-caudete\/#primaryimage","url":"https:\/\/www.caudete.org\/ayuntamiento\/wp-content\/uploads\/2020\/12\/cast-caud3.jpg","contentUrl":"https:\/\/www.caudete.org\/ayuntamiento\/wp-content\/uploads\/2020\/12\/cast-caud3.jpg","width":800,"height":455},{"@type":"BreadcrumbList","@id":"https:\/\/www.caudete.org\/ayuntamiento\/asi-fue-el-castillo-de-caudete\/#breadcrumb","itemListElement":[{"@type":"ListItem","position":1,"name":"Inicio","item":"https:\/\/www.caudete.org\/ayuntamiento\/"},{"@type":"ListItem","position":2,"name":"As\u00ed fue el Castillo de Caudete"}]},{"@type":"WebSite","@id":"https:\/\/www.caudete.org\/ayuntamiento\/#website","url":"https:\/\/www.caudete.org\/ayuntamiento\/","name":"MI Ayuntamiento de Caudete","description":"P\u00e1gina Oficial del MI Ayuntamiento de Caudete","potentialAction":[{"@type":"SearchAction","target":{"@type":"EntryPoint","urlTemplate":"https:\/\/www.caudete.org\/ayuntamiento\/?s={search_term_string}"},"query-input":{"@type":"PropertyValueSpecification","valueRequired":true,"valueName":"search_term_string"}}],"inLanguage":"es"},{"@type":"Person","@id":"https:\/\/www.caudete.org\/ayuntamiento\/#\/schema\/person\/79f7e19fdd176fc2bc7a289013dc2056","name":"ayun","image":{"@type":"ImageObject","inLanguage":"es","@id":"https:\/\/secure.gravatar.com\/avatar\/4ce797ee07c943e7e592f8cd648e503e6cd571387558ed07135799c2bd2847df?s=96&d=mm&r=g","url":"https:\/\/secure.gravatar.com\/avatar\/4ce797ee07c943e7e592f8cd648e503e6cd571387558ed07135799c2bd2847df?s=96&d=mm&r=g","contentUrl":"https:\/\/secure.gravatar.com\/avatar\/4ce797ee07c943e7e592f8cd648e503e6cd571387558ed07135799c2bd2847df?s=96&d=mm&r=g","caption":"ayun"},"sameAs":["http:\/\/www.caudete.org\/ayuntamiento"],"url":"https:\/\/www.caudete.org\/ayuntamiento\/author\/ayun\/"}]}},"_links":{"self":[{"href":"https:\/\/www.caudete.org\/ayuntamiento\/wp-json\/wp\/v2\/posts\/8073","targetHints":{"allow":["GET"]}}],"collection":[{"href":"https:\/\/www.caudete.org\/ayuntamiento\/wp-json\/wp\/v2\/posts"}],"about":[{"href":"https:\/\/www.caudete.org\/ayuntamiento\/wp-json\/wp\/v2\/types\/post"}],"author":[{"embeddable":true,"href":"https:\/\/www.caudete.org\/ayuntamiento\/wp-json\/wp\/v2\/users\/1"}],"replies":[{"embeddable":true,"href":"https:\/\/www.caudete.org\/ayuntamiento\/wp-json\/wp\/v2\/comments?post=8073"}],"version-history":[{"count":4,"href":"https:\/\/www.caudete.org\/ayuntamiento\/wp-json\/wp\/v2\/posts\/8073\/revisions"}],"predecessor-version":[{"id":8939,"href":"https:\/\/www.caudete.org\/ayuntamiento\/wp-json\/wp\/v2\/posts\/8073\/revisions\/8939"}],"wp:featuredmedia":[{"embeddable":true,"href":"https:\/\/www.caudete.org\/ayuntamiento\/wp-json\/wp\/v2\/media\/8074"}],"wp:attachment":[{"href":"https:\/\/www.caudete.org\/ayuntamiento\/wp-json\/wp\/v2\/media?parent=8073"}],"wp:term":[{"taxonomy":"category","embeddable":true,"href":"https:\/\/www.caudete.org\/ayuntamiento\/wp-json\/wp\/v2\/categories?post=8073"},{"taxonomy":"post_tag","embeddable":true,"href":"https:\/\/www.caudete.org\/ayuntamiento\/wp-json\/wp\/v2\/tags?post=8073"}],"curies":[{"name":"wp","href":"https:\/\/api.w.org\/{rel}","templated":true}]}}