{"id":9801,"date":"2020-12-15T14:32:22","date_gmt":"2020-12-15T13:32:22","guid":{"rendered":"http:\/\/www.caudete.org\/ayuntamiento\/?p=9801"},"modified":"2020-12-15T14:33:49","modified_gmt":"2020-12-15T13:33:49","slug":"caudete-celebrara-durante-el-periodo-navideno-su-tradicional-san-silvestre","status":"publish","type":"post","link":"https:\/\/www.caudete.org\/ayuntamiento\/caudete-celebrara-durante-el-periodo-navideno-su-tradicional-san-silvestre\/","title":{"rendered":"Caudete celebrar\u00e1 durante el periodo navide\u00f1o su tradicional San Silvestre"},"content":{"rendered":"<p style=\"text-align: justify;\">Llegado el periodo navide\u00f1o, Caudete cada a\u00f1o se prepara para acoger en sus calles la tradicional prueba de la San Silvestre. En esta edici\u00f3n por motivos evidentes, no podr\u00e1 ejecutarse del modo convencional, por lo que los organizadores, Concejal\u00eda de Deportes del Ayuntamiento de Caudete y el Club Atletismo Antonio Amor\u00f3s, han dise\u00f1ado una forma diferente para su realizaci\u00f3n a trav\u00e9s de un evento virtual muy divertido y emocionante.<\/p>\n<p style=\"text-align: justify;\">En este evento enfrentaremos BIKERS contra RUNNERS de manera que ambos colectivos competir\u00e1n para ver quien consigue m\u00e1s MOVEs.<\/p>\n<p style=\"text-align: justify;\">Para participar tan s\u00f3lo tienes que descargarte la&nbsp;<b>App e3 SPORT<\/b>, e identificarte como bikers o como runners. A trav\u00e9s de esta aplicaci\u00f3n cualquier actividad o ejercicio f\u00edsico que realices se contabilizar\u00e1 en unidad MOVE\u2019s. La herramienta aprovecha una serie de algoritmos para transformar tu esfuerzo f\u00edsico en MOVE\u2019s de manera que al no contabilizar s\u00f3lo distancias, podemos enfrentar&nbsp;<b>BIKER&nbsp;<\/b>contra&nbsp;<b>RUNNERS<\/b>.<\/p>\n<p style=\"text-align: justify;\">Adem\u00e1s de generarse una clasificaci\u00f3n entre ambos colectivos, la aplicaci\u00f3n ofrece un ranking individual con los deportistas m\u00e1s activos.<\/p>\n<p style=\"text-align: justify;\">Podr\u00e1s acumular MOVE\u2019s durante todo el periodo navide\u00f1o, concretamente desde el 24 de diciembre de 2020 hasta el 6 de enero de 2021.<\/p>\n<p style=\"text-align: justify;\">El evento como en cada edici\u00f3n se organiza a favor de C\u00e1ritas Caudete por lo que tendr\u00e1 un coste de inscripci\u00f3n de 3\u20ac, los cuales se destinan \u00edntegramente a dicha entidad.<\/p>\n<p style=\"text-align: justify;\"><b>\u00a1ESTAS NAVIDADES NO TE QUEDES QUIETO Y COMIENZA A SUMAR MOVEs\u2026 MOVEs saludables, MOVE solidarios!<\/b><\/p>\n<p style=\"text-align: justify;\">Te esperamos en una edici\u00f3n muy especial de la San Silvestre Caudetana. Forma parte de nuestra historia e inscr\u00edbete ya a trav\u00e9s de la&nbsp;<a href=\"https:\/\/www.midorsal.com\/evento\/san-silvestre-caudetana-2020\/\" target=\"_blank\" rel=\"noopener nofollow\">siguiente direcci\u00f3n<\/a>.<\/p>\n<p><a href=\"http:\/\/caudete.org\/ayuntamiento\/eniusimg\/enius146\/2020\/12\/adjuntos_fichero_9c6369a3ce0562e3.pdf\" class=\"mtli_attachment mtli_pdf\" target=\"_blank\" rel=\"noopener nofollow\">Folleto San Silvestre 2020&nbsp;<\/a><\/p>\n<p style=\"text-align: justify;\"><img fetchpriority=\"high\" decoding=\"async\" class=\"size-full wp-image-9802 aligncenter\" src=\"http:\/\/www.caudete.org\/ayuntamiento\/wp-content\/uploads\/2020\/12\/sansilv2020.jpg\" alt=\"\" width=\"427\" height=\"600\" srcset=\"https:\/\/www.caudete.org\/ayuntamiento\/wp-content\/uploads\/2020\/12\/sansilv2020.jpg 427w, https:\/\/www.caudete.org\/ayuntamiento\/wp-content\/uploads\/2020\/12\/sansilv2020-214x300.jpg 214w\" sizes=\"(max-width: 427px) 100vw, 427px\" \/><\/p>\n","protected":false},"excerpt":{"rendered":"<p>Llegado el periodo navide\u00f1o, Caudete cada a\u00f1o se prepara para acoger en sus calles la tradicional prueba de la San Silvestre. En esta edici\u00f3n por motivos evidentes, no podr\u00e1 ejecutarse del modo convencional, por lo que los organizadores, Concejal\u00eda de Deportes del Ayuntamiento de Caudete y el Club Atletismo Antonio Amor\u00f3s, han dise\u00f1ado una forma &hellip;<\/p>\n","protected":false},"author":1,"featured_media":9802,"comment_status":"closed","ping_status":"open","sticky":false,"template":"","format":"standard","meta":{"ngg_post_thumbnail":0,"footnotes":""},"categories":[23],"tags":[],"class_list":["post-9801","post","type-post","status-publish","format-standard","has-post-thumbnail","hentry","category-deportes"],"yoast_head":"<!-- This site is optimized with the Yoast SEO plugin v27.4 - https:\/\/yoast.com\/product\/yoast-seo-wordpress\/ -->\n<title>Caudete celebrar\u00e1 durante el periodo navide\u00f1o su tradicional San Silvestre - MI Ayuntamiento de Caudete<\/title>\n<meta name=\"description\" content=\"P\u00e1gina Oficial del Ayuntamiento de Caudete (Albacete)\" \/>\n<meta name=\"robots\" content=\"index, follow, max-snippet:-1, max-image-preview:large, max-video-preview:-1\" \/>\n<link rel=\"canonical\" href=\"https:\/\/www.caudete.org\/ayuntamiento\/caudete-celebrara-durante-el-periodo-navideno-su-tradicional-san-silvestre\/\" \/>\n<meta property=\"og:locale\" content=\"es_ES\" \/>\n<meta property=\"og:type\" content=\"article\" \/>\n<meta property=\"og:title\" content=\"Caudete celebrar\u00e1 durante el periodo navide\u00f1o su tradicional San Silvestre - MI Ayuntamiento de Caudete\" \/>\n<meta property=\"og:description\" content=\"P\u00e1gina Oficial del Ayuntamiento de Caudete (Albacete)\" \/>\n<meta property=\"og:url\" content=\"https:\/\/www.caudete.org\/ayuntamiento\/caudete-celebrara-durante-el-periodo-navideno-su-tradicional-san-silvestre\/\" \/>\n<meta property=\"og:site_name\" content=\"MI Ayuntamiento de Caudete\" \/>\n<meta property=\"article:publisher\" content=\"https:\/\/www.facebook.com\/ayuntamientocaudete\/\" \/>\n<meta property=\"article:published_time\" content=\"2020-12-15T13:32:22+00:00\" \/>\n<meta property=\"article:modified_time\" content=\"2020-12-15T13:33:49+00:00\" \/>\n<meta property=\"og:image\" content=\"https:\/\/www.caudete.org\/ayuntamiento\/wp-content\/uploads\/2020\/12\/sansilv2020.jpg\" \/>\n\t<meta property=\"og:image:width\" content=\"427\" \/>\n\t<meta property=\"og:image:height\" content=\"600\" \/>\n\t<meta property=\"og:image:type\" content=\"image\/jpeg\" \/>\n<meta name=\"author\" content=\"ayun\" \/>\n<meta name=\"twitter:card\" content=\"summary_large_image\" \/>\n<meta name=\"twitter:label1\" content=\"Escrito por\" \/>\n\t<meta name=\"twitter:data1\" content=\"ayun\" \/>\n\t<meta name=\"twitter:label2\" content=\"Tiempo de lectura\" \/>\n\t<meta name=\"twitter:data2\" content=\"2 minutos\" \/>\n<script type=\"application\/ld+json\" class=\"yoast-schema-graph\">{\"@context\":\"https:\\\/\\\/schema.org\",\"@graph\":[{\"@type\":\"Article\",\"@id\":\"https:\\\/\\\/www.caudete.org\\\/ayuntamiento\\\/caudete-celebrara-durante-el-periodo-navideno-su-tradicional-san-silvestre\\\/#article\",\"isPartOf\":{\"@id\":\"https:\\\/\\\/www.caudete.org\\\/ayuntamiento\\\/caudete-celebrara-durante-el-periodo-navideno-su-tradicional-san-silvestre\\\/\"},\"author\":{\"name\":\"ayun\",\"@id\":\"https:\\\/\\\/www.caudete.org\\\/ayuntamiento\\\/#\\\/schema\\\/person\\\/79f7e19fdd176fc2bc7a289013dc2056\"},\"headline\":\"Caudete celebrar\u00e1 durante el periodo navide\u00f1o su tradicional San Silvestre\",\"datePublished\":\"2020-12-15T13:32:22+00:00\",\"dateModified\":\"2020-12-15T13:33:49+00:00\",\"mainEntityOfPage\":{\"@id\":\"https:\\\/\\\/www.caudete.org\\\/ayuntamiento\\\/caudete-celebrara-durante-el-periodo-navideno-su-tradicional-san-silvestre\\\/\"},\"wordCount\":311,\"publisher\":{\"@id\":\"https:\\\/\\\/www.caudete.org\\\/ayuntamiento\\\/#organization\"},\"image\":{\"@id\":\"https:\\\/\\\/www.caudete.org\\\/ayuntamiento\\\/caudete-celebrara-durante-el-periodo-navideno-su-tradicional-san-silvestre\\\/#primaryimage\"},\"thumbnailUrl\":\"https:\\\/\\\/www.caudete.org\\\/ayuntamiento\\\/wp-content\\\/uploads\\\/2020\\\/12\\\/sansilv2020.jpg\",\"articleSection\":[\"Deportes\"],\"inLanguage\":\"es\"},{\"@type\":\"WebPage\",\"@id\":\"https:\\\/\\\/www.caudete.org\\\/ayuntamiento\\\/caudete-celebrara-durante-el-periodo-navideno-su-tradicional-san-silvestre\\\/\",\"url\":\"https:\\\/\\\/www.caudete.org\\\/ayuntamiento\\\/caudete-celebrara-durante-el-periodo-navideno-su-tradicional-san-silvestre\\\/\",\"name\":\"Caudete celebrar\u00e1 durante el periodo navide\u00f1o su tradicional San Silvestre - MI Ayuntamiento de Caudete\",\"isPartOf\":{\"@id\":\"https:\\\/\\\/www.caudete.org\\\/ayuntamiento\\\/#website\"},\"primaryImageOfPage\":{\"@id\":\"https:\\\/\\\/www.caudete.org\\\/ayuntamiento\\\/caudete-celebrara-durante-el-periodo-navideno-su-tradicional-san-silvestre\\\/#primaryimage\"},\"image\":{\"@id\":\"https:\\\/\\\/www.caudete.org\\\/ayuntamiento\\\/caudete-celebrara-durante-el-periodo-navideno-su-tradicional-san-silvestre\\\/#primaryimage\"},\"thumbnailUrl\":\"https:\\\/\\\/www.caudete.org\\\/ayuntamiento\\\/wp-content\\\/uploads\\\/2020\\\/12\\\/sansilv2020.jpg\",\"datePublished\":\"2020-12-15T13:32:22+00:00\",\"dateModified\":\"2020-12-15T13:33:49+00:00\",\"description\":\"P\u00e1gina Oficial del Ayuntamiento de Caudete (Albacete)\",\"breadcrumb\":{\"@id\":\"https:\\\/\\\/www.caudete.org\\\/ayuntamiento\\\/caudete-celebrara-durante-el-periodo-navideno-su-tradicional-san-silvestre\\\/#breadcrumb\"},\"inLanguage\":\"es\",\"potentialAction\":[{\"@type\":\"ReadAction\",\"target\":[\"https:\\\/\\\/www.caudete.org\\\/ayuntamiento\\\/caudete-celebrara-durante-el-periodo-navideno-su-tradicional-san-silvestre\\\/\"]}]},{\"@type\":\"ImageObject\",\"inLanguage\":\"es\",\"@id\":\"https:\\\/\\\/www.caudete.org\\\/ayuntamiento\\\/caudete-celebrara-durante-el-periodo-navideno-su-tradicional-san-silvestre\\\/#primaryimage\",\"url\":\"https:\\\/\\\/www.caudete.org\\\/ayuntamiento\\\/wp-content\\\/uploads\\\/2020\\\/12\\\/sansilv2020.jpg\",\"contentUrl\":\"https:\\\/\\\/www.caudete.org\\\/ayuntamiento\\\/wp-content\\\/uploads\\\/2020\\\/12\\\/sansilv2020.jpg\",\"width\":427,\"height\":600},{\"@type\":\"BreadcrumbList\",\"@id\":\"https:\\\/\\\/www.caudete.org\\\/ayuntamiento\\\/caudete-celebrara-durante-el-periodo-navideno-su-tradicional-san-silvestre\\\/#breadcrumb\",\"itemListElement\":[{\"@type\":\"ListItem\",\"position\":1,\"name\":\"Inicio\",\"item\":\"https:\\\/\\\/www.caudete.org\\\/ayuntamiento\\\/\"},{\"@type\":\"ListItem\",\"position\":2,\"name\":\"Caudete celebrar\u00e1 durante el periodo navide\u00f1o su tradicional San Silvestre\"}]},{\"@type\":\"WebSite\",\"@id\":\"https:\\\/\\\/www.caudete.org\\\/ayuntamiento\\\/#website\",\"url\":\"https:\\\/\\\/www.caudete.org\\\/ayuntamiento\\\/\",\"name\":\"MI Ayuntamiento de Caudete\",\"description\":\"P\u00e1gina Oficial del MI Ayuntamiento de Caudete\",\"publisher\":{\"@id\":\"https:\\\/\\\/www.caudete.org\\\/ayuntamiento\\\/#organization\"},\"potentialAction\":[{\"@type\":\"SearchAction\",\"target\":{\"@type\":\"EntryPoint\",\"urlTemplate\":\"https:\\\/\\\/www.caudete.org\\\/ayuntamiento\\\/?s={search_term_string}\"},\"query-input\":{\"@type\":\"PropertyValueSpecification\",\"valueRequired\":true,\"valueName\":\"search_term_string\"}}],\"inLanguage\":\"es\"},{\"@type\":\"Organization\",\"@id\":\"https:\\\/\\\/www.caudete.org\\\/ayuntamiento\\\/#organization\",\"name\":\"Ayuntamiento de Caudete\",\"url\":\"https:\\\/\\\/www.caudete.org\\\/ayuntamiento\\\/\",\"logo\":{\"@type\":\"ImageObject\",\"inLanguage\":\"es\",\"@id\":\"https:\\\/\\\/www.caudete.org\\\/ayuntamiento\\\/#\\\/schema\\\/logo\\\/image\\\/\",\"url\":\"https:\\\/\\\/www.caudete.org\\\/ayuntamiento\\\/wp-content\\\/uploads\\\/2020\\\/11\\\/logo_ayuntamiento_caudete.jpg\",\"contentUrl\":\"https:\\\/\\\/www.caudete.org\\\/ayuntamiento\\\/wp-content\\\/uploads\\\/2020\\\/11\\\/logo_ayuntamiento_caudete.jpg\",\"width\":600,\"height\":150,\"caption\":\"Ayuntamiento de Caudete\"},\"image\":{\"@id\":\"https:\\\/\\\/www.caudete.org\\\/ayuntamiento\\\/#\\\/schema\\\/logo\\\/image\\\/\"},\"sameAs\":[\"https:\\\/\\\/www.facebook.com\\\/ayuntamientocaudete\\\/\",\"https:\\\/\\\/www.youtube.com\\\/channel\\\/UC6VztHaooNsGpw-tNoBEFnQ\"]},{\"@type\":\"Person\",\"@id\":\"https:\\\/\\\/www.caudete.org\\\/ayuntamiento\\\/#\\\/schema\\\/person\\\/79f7e19fdd176fc2bc7a289013dc2056\",\"name\":\"ayun\",\"image\":{\"@type\":\"ImageObject\",\"inLanguage\":\"es\",\"@id\":\"https:\\\/\\\/secure.gravatar.com\\\/avatar\\\/4ce797ee07c943e7e592f8cd648e503e6cd571387558ed07135799c2bd2847df?s=96&d=mm&r=g\",\"url\":\"https:\\\/\\\/secure.gravatar.com\\\/avatar\\\/4ce797ee07c943e7e592f8cd648e503e6cd571387558ed07135799c2bd2847df?s=96&d=mm&r=g\",\"contentUrl\":\"https:\\\/\\\/secure.gravatar.com\\\/avatar\\\/4ce797ee07c943e7e592f8cd648e503e6cd571387558ed07135799c2bd2847df?s=96&d=mm&r=g\",\"caption\":\"ayun\"},\"sameAs\":[\"http:\\\/\\\/www.caudete.org\\\/ayuntamiento\"],\"url\":\"https:\\\/\\\/www.caudete.org\\\/ayuntamiento\\\/author\\\/ayun\\\/\"}]}<\/script>\n<!-- \/ Yoast SEO plugin. -->","yoast_head_json":{"title":"Caudete celebrar\u00e1 durante el periodo navide\u00f1o su tradicional San Silvestre - MI Ayuntamiento de Caudete","description":"P\u00e1gina Oficial del Ayuntamiento de Caudete (Albacete)","robots":{"index":"index","follow":"follow","max-snippet":"max-snippet:-1","max-image-preview":"max-image-preview:large","max-video-preview":"max-video-preview:-1"},"canonical":"https:\/\/www.caudete.org\/ayuntamiento\/caudete-celebrara-durante-el-periodo-navideno-su-tradicional-san-silvestre\/","og_locale":"es_ES","og_type":"article","og_title":"Caudete celebrar\u00e1 durante el periodo navide\u00f1o su tradicional San Silvestre - MI Ayuntamiento de Caudete","og_description":"P\u00e1gina Oficial del Ayuntamiento de Caudete (Albacete)","og_url":"https:\/\/www.caudete.org\/ayuntamiento\/caudete-celebrara-durante-el-periodo-navideno-su-tradicional-san-silvestre\/","og_site_name":"MI Ayuntamiento de Caudete","article_publisher":"https:\/\/www.facebook.com\/ayuntamientocaudete\/","article_published_time":"2020-12-15T13:32:22+00:00","article_modified_time":"2020-12-15T13:33:49+00:00","og_image":[{"width":427,"height":600,"url":"https:\/\/www.caudete.org\/ayuntamiento\/wp-content\/uploads\/2020\/12\/sansilv2020.jpg","type":"image\/jpeg"}],"author":"ayun","twitter_card":"summary_large_image","twitter_misc":{"Escrito por":"ayun","Tiempo de lectura":"2 minutos"},"schema":{"@context":"https:\/\/schema.org","@graph":[{"@type":"Article","@id":"https:\/\/www.caudete.org\/ayuntamiento\/caudete-celebrara-durante-el-periodo-navideno-su-tradicional-san-silvestre\/#article","isPartOf":{"@id":"https:\/\/www.caudete.org\/ayuntamiento\/caudete-celebrara-durante-el-periodo-navideno-su-tradicional-san-silvestre\/"},"author":{"name":"ayun","@id":"https:\/\/www.caudete.org\/ayuntamiento\/#\/schema\/person\/79f7e19fdd176fc2bc7a289013dc2056"},"headline":"Caudete celebrar\u00e1 durante el periodo navide\u00f1o su tradicional San Silvestre","datePublished":"2020-12-15T13:32:22+00:00","dateModified":"2020-12-15T13:33:49+00:00","mainEntityOfPage":{"@id":"https:\/\/www.caudete.org\/ayuntamiento\/caudete-celebrara-durante-el-periodo-navideno-su-tradicional-san-silvestre\/"},"wordCount":311,"publisher":{"@id":"https:\/\/www.caudete.org\/ayuntamiento\/#organization"},"image":{"@id":"https:\/\/www.caudete.org\/ayuntamiento\/caudete-celebrara-durante-el-periodo-navideno-su-tradicional-san-silvestre\/#primaryimage"},"thumbnailUrl":"https:\/\/www.caudete.org\/ayuntamiento\/wp-content\/uploads\/2020\/12\/sansilv2020.jpg","articleSection":["Deportes"],"inLanguage":"es"},{"@type":"WebPage","@id":"https:\/\/www.caudete.org\/ayuntamiento\/caudete-celebrara-durante-el-periodo-navideno-su-tradicional-san-silvestre\/","url":"https:\/\/www.caudete.org\/ayuntamiento\/caudete-celebrara-durante-el-periodo-navideno-su-tradicional-san-silvestre\/","name":"Caudete celebrar\u00e1 durante el periodo navide\u00f1o su tradicional San Silvestre - MI Ayuntamiento de Caudete","isPartOf":{"@id":"https:\/\/www.caudete.org\/ayuntamiento\/#website"},"primaryImageOfPage":{"@id":"https:\/\/www.caudete.org\/ayuntamiento\/caudete-celebrara-durante-el-periodo-navideno-su-tradicional-san-silvestre\/#primaryimage"},"image":{"@id":"https:\/\/www.caudete.org\/ayuntamiento\/caudete-celebrara-durante-el-periodo-navideno-su-tradicional-san-silvestre\/#primaryimage"},"thumbnailUrl":"https:\/\/www.caudete.org\/ayuntamiento\/wp-content\/uploads\/2020\/12\/sansilv2020.jpg","datePublished":"2020-12-15T13:32:22+00:00","dateModified":"2020-12-15T13:33:49+00:00","description":"P\u00e1gina Oficial del Ayuntamiento de Caudete (Albacete)","breadcrumb":{"@id":"https:\/\/www.caudete.org\/ayuntamiento\/caudete-celebrara-durante-el-periodo-navideno-su-tradicional-san-silvestre\/#breadcrumb"},"inLanguage":"es","potentialAction":[{"@type":"ReadAction","target":["https:\/\/www.caudete.org\/ayuntamiento\/caudete-celebrara-durante-el-periodo-navideno-su-tradicional-san-silvestre\/"]}]},{"@type":"ImageObject","inLanguage":"es","@id":"https:\/\/www.caudete.org\/ayuntamiento\/caudete-celebrara-durante-el-periodo-navideno-su-tradicional-san-silvestre\/#primaryimage","url":"https:\/\/www.caudete.org\/ayuntamiento\/wp-content\/uploads\/2020\/12\/sansilv2020.jpg","contentUrl":"https:\/\/www.caudete.org\/ayuntamiento\/wp-content\/uploads\/2020\/12\/sansilv2020.jpg","width":427,"height":600},{"@type":"BreadcrumbList","@id":"https:\/\/www.caudete.org\/ayuntamiento\/caudete-celebrara-durante-el-periodo-navideno-su-tradicional-san-silvestre\/#breadcrumb","itemListElement":[{"@type":"ListItem","position":1,"name":"Inicio","item":"https:\/\/www.caudete.org\/ayuntamiento\/"},{"@type":"ListItem","position":2,"name":"Caudete celebrar\u00e1 durante el periodo navide\u00f1o su tradicional San Silvestre"}]},{"@type":"WebSite","@id":"https:\/\/www.caudete.org\/ayuntamiento\/#website","url":"https:\/\/www.caudete.org\/ayuntamiento\/","name":"MI Ayuntamiento de Caudete","description":"P\u00e1gina Oficial del MI Ayuntamiento de Caudete","publisher":{"@id":"https:\/\/www.caudete.org\/ayuntamiento\/#organization"},"potentialAction":[{"@type":"SearchAction","target":{"@type":"EntryPoint","urlTemplate":"https:\/\/www.caudete.org\/ayuntamiento\/?s={search_term_string}"},"query-input":{"@type":"PropertyValueSpecification","valueRequired":true,"valueName":"search_term_string"}}],"inLanguage":"es"},{"@type":"Organization","@id":"https:\/\/www.caudete.org\/ayuntamiento\/#organization","name":"Ayuntamiento de Caudete","url":"https:\/\/www.caudete.org\/ayuntamiento\/","logo":{"@type":"ImageObject","inLanguage":"es","@id":"https:\/\/www.caudete.org\/ayuntamiento\/#\/schema\/logo\/image\/","url":"https:\/\/www.caudete.org\/ayuntamiento\/wp-content\/uploads\/2020\/11\/logo_ayuntamiento_caudete.jpg","contentUrl":"https:\/\/www.caudete.org\/ayuntamiento\/wp-content\/uploads\/2020\/11\/logo_ayuntamiento_caudete.jpg","width":600,"height":150,"caption":"Ayuntamiento de Caudete"},"image":{"@id":"https:\/\/www.caudete.org\/ayuntamiento\/#\/schema\/logo\/image\/"},"sameAs":["https:\/\/www.facebook.com\/ayuntamientocaudete\/","https:\/\/www.youtube.com\/channel\/UC6VztHaooNsGpw-tNoBEFnQ"]},{"@type":"Person","@id":"https:\/\/www.caudete.org\/ayuntamiento\/#\/schema\/person\/79f7e19fdd176fc2bc7a289013dc2056","name":"ayun","image":{"@type":"ImageObject","inLanguage":"es","@id":"https:\/\/secure.gravatar.com\/avatar\/4ce797ee07c943e7e592f8cd648e503e6cd571387558ed07135799c2bd2847df?s=96&d=mm&r=g","url":"https:\/\/secure.gravatar.com\/avatar\/4ce797ee07c943e7e592f8cd648e503e6cd571387558ed07135799c2bd2847df?s=96&d=mm&r=g","contentUrl":"https:\/\/secure.gravatar.com\/avatar\/4ce797ee07c943e7e592f8cd648e503e6cd571387558ed07135799c2bd2847df?s=96&d=mm&r=g","caption":"ayun"},"sameAs":["http:\/\/www.caudete.org\/ayuntamiento"],"url":"https:\/\/www.caudete.org\/ayuntamiento\/author\/ayun\/"}]}},"_links":{"self":[{"href":"https:\/\/www.caudete.org\/ayuntamiento\/wp-json\/wp\/v2\/posts\/9801","targetHints":{"allow":["GET"]}}],"collection":[{"href":"https:\/\/www.caudete.org\/ayuntamiento\/wp-json\/wp\/v2\/posts"}],"about":[{"href":"https:\/\/www.caudete.org\/ayuntamiento\/wp-json\/wp\/v2\/types\/post"}],"author":[{"embeddable":true,"href":"https:\/\/www.caudete.org\/ayuntamiento\/wp-json\/wp\/v2\/users\/1"}],"replies":[{"embeddable":true,"href":"https:\/\/www.caudete.org\/ayuntamiento\/wp-json\/wp\/v2\/comments?post=9801"}],"version-history":[{"count":4,"href":"https:\/\/www.caudete.org\/ayuntamiento\/wp-json\/wp\/v2\/posts\/9801\/revisions"}],"predecessor-version":[{"id":9806,"href":"https:\/\/www.caudete.org\/ayuntamiento\/wp-json\/wp\/v2\/posts\/9801\/revisions\/9806"}],"wp:featuredmedia":[{"embeddable":true,"href":"https:\/\/www.caudete.org\/ayuntamiento\/wp-json\/wp\/v2\/media\/9802"}],"wp:attachment":[{"href":"https:\/\/www.caudete.org\/ayuntamiento\/wp-json\/wp\/v2\/media?parent=9801"}],"wp:term":[{"taxonomy":"category","embeddable":true,"href":"https:\/\/www.caudete.org\/ayuntamiento\/wp-json\/wp\/v2\/categories?post=9801"},{"taxonomy":"post_tag","embeddable":true,"href":"https:\/\/www.caudete.org\/ayuntamiento\/wp-json\/wp\/v2\/tags?post=9801"}],"curies":[{"name":"wp","href":"https:\/\/api.w.org\/{rel}","templated":true}]}}